{"id":2131,"date":"2025-01-02T08:50:39","date_gmt":"2025-01-02T08:50:39","guid":{"rendered":"https:\/\/clunyportugal.com\/ppsjc\/?p=2131"},"modified":"2025-05-01T16:40:21","modified_gmt":"2025-05-01T16:40:21","slug":"caravana-da-esperanca","status":"publish","type":"post","link":"https:\/\/clunyportugal.com\/ppsjc\/2025\/01\/02\/caravana-da-esperanca\/","title":{"rendered":"CARAVANA DA ESPERAN\u00c7A"},"content":{"rendered":"\n<figure class=\"wp-block-image size-large is-resized\"><img loading=\"lazy\" decoding=\"async\" width=\"1024\" height=\"738\" src=\"https:\/\/clunyportugal.com\/ppsjc\/wp-content\/uploads\/2025\/02\/caravana_pastoral_cluny-1024x738.png\" alt=\"\" class=\"wp-image-2132\" style=\"width:611px;height:auto\" srcset=\"https:\/\/clunyportugal.com\/ppsjc\/wp-content\/uploads\/2025\/02\/caravana_pastoral_cluny-1024x738.png 1024w, https:\/\/clunyportugal.com\/ppsjc\/wp-content\/uploads\/2025\/02\/caravana_pastoral_cluny-300x216.png 300w, https:\/\/clunyportugal.com\/ppsjc\/wp-content\/uploads\/2025\/02\/caravana_pastoral_cluny-768x554.png 768w, https:\/\/clunyportugal.com\/ppsjc\/wp-content\/uploads\/2025\/02\/caravana_pastoral_cluny.png 1318w\" sizes=\"auto, (max-width: 1024px) 100vw, 1024px\" \/><\/figure>\n\n\n\n<p class=\"has-black-color has-text-color has-link-color wp-elements-5193eabfd4d6f410184649b395350e83\"><strong>PLANO DA PASTORAL JUVENIL E VOCACIONAL 2025<\/strong><br>A Equipa da Pastoral Juvenil e Vocacional da Prov\u00edncia Portuguesa das Irm\u00e3s de S\u00e3o Jos\u00e9 de Cluny, \u00e9<br>constitu\u00edda por 6 Irm\u00e3s. Esta tem como miss\u00e3o principal ajudar todas as Irm\u00e3s das nossas comunidades, crist\u00e3os e jovens em geral, a viver em din\u00e2mica vocacional, isto \u00e9, em resposta \u00e0 iniciativa de Deus que chama a construir uma vida segundo o Projeto de Deus. <\/p>\n\n\n\n<p class=\"has-black-color has-text-color has-link-color wp-elements-6132c5332a3125a462a4478ab500bb58\">Neste sentido, a equipa procura motivar, por meio da ora\u00e7\u00e3o, promo\u00e7\u00e3o e acompanhamento, um ambiente de escuta e aten\u00e7\u00e3o capaz de aprofundar a vida crist\u00e3, bem como, suscitar e favorecer respostas vocacionais, na Igreja e na Congrega\u00e7\u00e3o.<\/p>\n\n\n\n<p class=\"has-black-color has-text-color has-link-color wp-elements-8f2142eceabf5e318db90f5f42053769\">Com a Caravana da Esperan\u00e7a, procuramos colocar em a\u00e7\u00e3o, este Projeto que surgiu, no dia 14 de setembro de 2024, a partir da experi\u00eancia de vida das Irm\u00e3s.<\/p>\n\n\n\n<p class=\"has-black-color has-text-color has-link-color wp-elements-799ae0970beb6970a2072a25d27f4e63\">A caravana tem como objetivo estabelecer liga\u00e7\u00e3o entre os elementos da equipa da Pastoral Juvenil<br>e Vocacional, as Comunidades Religiosas da Prov\u00edncia e par\u00f3quias, onde as Irm\u00e3s de S. Jos\u00e9 de Cluny<br>est\u00e3o inseridas. <\/p>\n\n\n\n<p class=\"has-black-color has-text-color has-link-color wp-elements-32eb7cda3007da19f1aa6be874118102\">Nas localidades, em di\u00e1logo com os p\u00e1rocos, projeta-se um fim de semana de atividades pastorais, tais como: catequeses de crian\u00e7as, adolescentes e jovens, missas, lares de idosos e outros.<\/p>\n\n\n\n<hr class=\"wp-block-separator has-alpha-channel-opacity\"\/>\n\n\n\n<p class=\"has-black-color has-text-color has-link-color wp-elements-a3bae1cd55d694a82c8399b6b2d76e4b\"><strong>Objetivos:<\/strong><\/p>\n\n\n\n<p class=\"has-black-color has-text-color has-link-color wp-elements-020217ffa8b5192011586f7b910dac81\">Dar a conhecer e divulgar a Vida e o Carisma da Beata Ana Maria Javouhey;<br>Acompanhar as decis\u00f5es dos jovens com liberdade e responsabilidade;<br>Motivar, por meio da ora\u00e7\u00e3o, atividades e experi\u00eancias diversas um aprofundamento da<br>vida crist\u00e3 de modo a favorecer respostas vocacionais, na Igreja e na Congrega\u00e7\u00e3o.<\/p>\n\n\n\n<p class=\"has-black-color has-text-color has-link-color wp-elements-8a7525cff6a1155332d48edfe8286b94\"><strong>Recursos:<\/strong><br>B\u00edblia \/ Ter\u00e7o;<br>Cartas \/ Livros sobre a Beata AMJ;<br>Computador \/ Projetor;<br>V\u00eddeos \/ Powerpoint<br>Cancioneiros \/ M\u00fasicas;<br>Cartolinas \/ Tesouras;<br>L\u00e1pis \/ canetas;<br>Cores \/ Tintas.<\/p>\n\n\n\n<hr class=\"wp-block-separator has-alpha-channel-opacity\"\/>\n\n\n\n<p class=\"has-black-color has-text-color has-link-color wp-elements-90851bfb4d50db3dfcfae6fefd76c126\"><strong>PLANO DE ATIVIDADES<\/strong><\/p>\n\n\n\n<figure class=\"wp-block-image size-large is-resized\"><img loading=\"lazy\" decoding=\"async\" width=\"796\" height=\"1024\" src=\"https:\/\/clunyportugal.com\/ppsjc\/wp-content\/uploads\/2025\/02\/plano_atividades_caravana_esperanca-796x1024.png\" alt=\"\" class=\"wp-image-2133\" style=\"width:630px;height:auto\" srcset=\"https:\/\/clunyportugal.com\/ppsjc\/wp-content\/uploads\/2025\/02\/plano_atividades_caravana_esperanca-796x1024.png 796w, https:\/\/clunyportugal.com\/ppsjc\/wp-content\/uploads\/2025\/02\/plano_atividades_caravana_esperanca-233x300.png 233w, https:\/\/clunyportugal.com\/ppsjc\/wp-content\/uploads\/2025\/02\/plano_atividades_caravana_esperanca-768x988.png 768w, https:\/\/clunyportugal.com\/ppsjc\/wp-content\/uploads\/2025\/02\/plano_atividades_caravana_esperanca-1194x1536.png 1194w, https:\/\/clunyportugal.com\/ppsjc\/wp-content\/uploads\/2025\/02\/plano_atividades_caravana_esperanca.png 1390w\" sizes=\"auto, (max-width: 796px) 100vw, 796px\" \/><\/figure>\n\n\n\n<p class=\"has-black-color has-text-color has-link-color wp-elements-e4c14a7a798a4dd7d22efc381a7bf7c5\"><a href=\"https:\/\/clunyportugal.com\/ppsjc\/wp-content\/uploads\/2025\/02\/CEsperanca-1.pdf\" target=\"_blank\" rel=\"noreferrer noopener\">Consulte o documento completo AQUI<\/a><\/p>\n\n\n\n<p><\/p>\n","protected":false},"excerpt":{"rendered":"<p>PLANO DA PASTORAL JUVENIL E VOCACIONAL 2025A Equipa da Pastoral Juvenil e Vocacional da Prov\u00edncia Portuguesa das Irm\u00e3s de S\u00e3o Jos\u00e9 de Cluny, \u00e9constitu\u00edda por 6 Irm\u00e3s. Esta tem como miss\u00e3o principal ajudar todas as Irm\u00e3s das nossas comunidades, crist\u00e3os e jovens em geral, a viver em din\u00e2mica vocacional, isto \u00e9, em resposta \u00e0 iniciativa [&hellip;]<\/p>\n<p class=\"more-link\"><a href=\"https:\/\/clunyportugal.com\/ppsjc\/2025\/01\/02\/caravana-da-esperanca\/\"  class=\"themebutton\">Read More<\/a><\/p>\n","protected":false},"author":1,"featured_media":2205,"comment_status":"closed","ping_status":"closed","sticky":false,"template":"","format":"standard","meta":{"footnotes":""},"categories":[1],"tags":[],"class_list":["post-2131","post","type-post","status-publish","format-standard","has-post-thumbnail","hentry","category-uncategorized"],"_links":{"self":[{"href":"https:\/\/clunyportugal.com\/ppsjc\/wp-json\/wp\/v2\/posts\/2131","targetHints":{"allow":["GET"]}}],"collection":[{"href":"https:\/\/clunyportugal.com\/ppsjc\/wp-json\/wp\/v2\/posts"}],"about":[{"href":"https:\/\/clunyportugal.com\/ppsjc\/wp-json\/wp\/v2\/types\/post"}],"author":[{"embeddable":true,"href":"https:\/\/clunyportugal.com\/ppsjc\/wp-json\/wp\/v2\/users\/1"}],"replies":[{"embeddable":true,"href":"https:\/\/clunyportugal.com\/ppsjc\/wp-json\/wp\/v2\/comments?post=2131"}],"version-history":[{"count":2,"href":"https:\/\/clunyportugal.com\/ppsjc\/wp-json\/wp\/v2\/posts\/2131\/revisions"}],"predecessor-version":[{"id":2138,"href":"https:\/\/clunyportugal.com\/ppsjc\/wp-json\/wp\/v2\/posts\/2131\/revisions\/2138"}],"wp:featuredmedia":[{"embeddable":true,"href":"https:\/\/clunyportugal.com\/ppsjc\/wp-json\/wp\/v2\/media\/2205"}],"wp:attachment":[{"href":"https:\/\/clunyportugal.com\/ppsjc\/wp-json\/wp\/v2\/media?parent=2131"}],"wp:term":[{"taxonomy":"category","embeddable":true,"href":"https:\/\/clunyportugal.com\/ppsjc\/wp-json\/wp\/v2\/categories?post=2131"},{"taxonomy":"post_tag","embeddable":true,"href":"https:\/\/clunyportugal.com\/ppsjc\/wp-json\/wp\/v2\/tags?post=2131"}],"curies":[{"name":"wp","href":"https:\/\/api.w.org\/{rel}","templated":true}]}}