{"id":2125,"date":"2025-01-19T16:17:11","date_gmt":"2025-01-19T16:17:11","guid":{"rendered":"https:\/\/clunyportugal.com\/ppsjc\/?p=2125"},"modified":"2025-01-19T16:17:13","modified_gmt":"2025-01-19T16:17:13","slug":"encontro-de-associados25","status":"publish","type":"post","link":"https:\/\/clunyportugal.com\/ppsjc\/2025\/01\/19\/encontro-de-associados25\/","title":{"rendered":"ENCONTRO DE ASSOCIADOS&#8217;25"},"content":{"rendered":"\n<p class=\"has-black-color has-text-color has-link-color wp-elements-f4e3d882c76ddd8d2b56033efc7086a6\"><strong>Associados Cluny: peregrinos no Amor e na Esperan\u00e7a!<\/strong><br>Os Associados navegam na Barca que \u00e9 a Igreja! E a Igreja vive o Ano Santo, o Jubileu da Esperan\u00e7a&#8230; Num momento em que o Papa Francisco nos desafia a encontrar o amor humano junto do Amor Divino, este \u00e9 mais um momento de vivermos o Amor com Esperan\u00e7a, como viveu Ana Maria Javouhey&#8230;<br>ACEITEMOS ESTE DESAFIO DE VIAJAR NESTA BARCA<\/p>\n\n\n\n<p class=\"has-black-color has-text-color has-link-color wp-elements-9ac00cf961d1ea846fe5a532228b76c6\"><\/p>\n\n\n\n<figure class=\"wp-block-image size-large\"><img loading=\"lazy\" decoding=\"async\" width=\"1024\" height=\"371\" src=\"https:\/\/clunyportugal.com\/ppsjc\/wp-content\/uploads\/2025\/01\/Encontro_associados-1024x371.jpg\" alt=\"\" class=\"wp-image-2126\" srcset=\"https:\/\/clunyportugal.com\/ppsjc\/wp-content\/uploads\/2025\/01\/Encontro_associados-1024x371.jpg 1024w, https:\/\/clunyportugal.com\/ppsjc\/wp-content\/uploads\/2025\/01\/Encontro_associados-300x109.jpg 300w, https:\/\/clunyportugal.com\/ppsjc\/wp-content\/uploads\/2025\/01\/Encontro_associados-768x278.jpg 768w, https:\/\/clunyportugal.com\/ppsjc\/wp-content\/uploads\/2025\/01\/Encontro_associados-1536x556.jpg 1536w, https:\/\/clunyportugal.com\/ppsjc\/wp-content\/uploads\/2025\/01\/Encontro_associados-2048x742.jpg 2048w\" sizes=\"auto, (max-width: 1024px) 100vw, 1024px\" \/><\/figure>\n\n\n\n<hr class=\"wp-block-separator has-alpha-channel-opacity\"\/>\n\n\n\n<p class=\"has-black-color has-text-color has-link-color wp-elements-ffce1d19712950af71ee784647d5d1cf\"><strong>PROGRAMA<\/strong><br>09h00 &#8211; Acolhimento\u2026 no Col\u00e9gio da Rainha Santa Isabel!<br>09h30 &#8211; Na Barca da Ora\u00e7\u00e3o\u2026 (Capela do Col\u00e9gio)<br>10h15 &#8211; Intervalo para Caf\u00e9 (Sala Cluny)<br>11h00 &#8211; PEREGRINOS NO AMOR E NA ESPERAN\u00c7A (Audit\u00f3rio Ana Maria Javouhey)<br><strong>Desafios para um Associado viver o Jubileu<\/strong><br><em>Dra. S\u00edlvia Monteiro<\/em>, Crist\u00e3 Leiga e M\u00e9dica Cardiologista<br>&#8211; Jubileu da Esperan\u00e7a, Ano Santo de 2025, o Papa Francisco oferece-nos a Carta Enc\u00edclica \u201cDilexit nos sobre o amor humano e divino no Cora\u00e7\u00e3o de Jesus\u201d. &#8211;<br>11h45 &#8211; Na Barca dos Ecos e Desafios<br>12h15 &#8211; Na Barca da EUCARISTIA\u2026 (Capela do Col\u00e9gio)<br>13h30 &#8211; Almo\u00e7o partilhado\u2026 (Sala Cluny)<br>15h00 &#8211; <strong>Na Barca da Congrega\u00e7\u00e3o<\/strong> (Audit\u00f3rio Ana Maria Javouhey)<br><em>Irm\u00e3 F\u00e1tima Machado<\/em><br>Espa\u00e7o e tempo para escutar a Irm\u00e3 F\u00e1tima Machado e as Irm\u00e3s que estiveram presentes do Cap\u00edtulo Geral em 2024: os desafios que se colocam \u00e0 Congrega\u00e7\u00e3o no seio da Igreja Cat\u00f3lica. Que papel para a Congrega\u00e7\u00e3o em pleno s\u00e9culo XXI, numa Igreja e numa sociedade em mudan\u00e7a.<br>15h50 &#8211; Ora\u00e7\u00e3o de Envio e fotografia do grupo!<br>16h00m \u2013 Partida<\/p>\n\n\n\n<hr class=\"wp-block-separator has-alpha-channel-opacity\"\/>\n","protected":false},"excerpt":{"rendered":"<p>Associados Cluny: peregrinos no Amor e na Esperan\u00e7a!Os Associados navegam na Barca que \u00e9 a Igreja! E a Igreja vive o Ano Santo, o Jubileu da Esperan\u00e7a&#8230; Num momento em que o Papa Francisco nos desafia a encontrar o amor humano junto do Amor Divino, este \u00e9 mais um momento de vivermos o Amor com [&hellip;]<\/p>\n<p class=\"more-link\"><a href=\"https:\/\/clunyportugal.com\/ppsjc\/2025\/01\/19\/encontro-de-associados25\/\"  class=\"themebutton\">Read More<\/a><\/p>\n","protected":false},"author":1,"featured_media":2127,"comment_status":"closed","ping_status":"closed","sticky":false,"template":"","format":"standard","meta":{"footnotes":""},"categories":[1],"tags":[],"class_list":["post-2125","post","type-post","status-publish","format-standard","has-post-thumbnail","hentry","category-uncategorized"],"_links":{"self":[{"href":"https:\/\/clunyportugal.com\/ppsjc\/wp-json\/wp\/v2\/posts\/2125","targetHints":{"allow":["GET"]}}],"collection":[{"href":"https:\/\/clunyportugal.com\/ppsjc\/wp-json\/wp\/v2\/posts"}],"about":[{"href":"https:\/\/clunyportugal.com\/ppsjc\/wp-json\/wp\/v2\/types\/post"}],"author":[{"embeddable":true,"href":"https:\/\/clunyportugal.com\/ppsjc\/wp-json\/wp\/v2\/users\/1"}],"replies":[{"embeddable":true,"href":"https:\/\/clunyportugal.com\/ppsjc\/wp-json\/wp\/v2\/comments?post=2125"}],"version-history":[{"count":1,"href":"https:\/\/clunyportugal.com\/ppsjc\/wp-json\/wp\/v2\/posts\/2125\/revisions"}],"predecessor-version":[{"id":2128,"href":"https:\/\/clunyportugal.com\/ppsjc\/wp-json\/wp\/v2\/posts\/2125\/revisions\/2128"}],"wp:featuredmedia":[{"embeddable":true,"href":"https:\/\/clunyportugal.com\/ppsjc\/wp-json\/wp\/v2\/media\/2127"}],"wp:attachment":[{"href":"https:\/\/clunyportugal.com\/ppsjc\/wp-json\/wp\/v2\/media?parent=2125"}],"wp:term":[{"taxonomy":"category","embeddable":true,"href":"https:\/\/clunyportugal.com\/ppsjc\/wp-json\/wp\/v2\/categories?post=2125"},{"taxonomy":"post_tag","embeddable":true,"href":"https:\/\/clunyportugal.com\/ppsjc\/wp-json\/wp\/v2\/tags?post=2125"}],"curies":[{"name":"wp","href":"https:\/\/api.w.org\/{rel}","templated":true}]}}