{"id":2084,"date":"2024-10-27T18:31:59","date_gmt":"2024-10-27T18:31:59","guid":{"rendered":"https:\/\/clunyportugal.com\/ppsjc\/?p=2084"},"modified":"2024-10-27T20:26:37","modified_gmt":"2024-10-27T20:26:37","slug":"sjc-em-mocambique","status":"publish","type":"post","link":"https:\/\/clunyportugal.com\/ppsjc\/2024\/10\/27\/sjc-em-mocambique\/","title":{"rendered":"SJC em MO\u00c7AMBIQUE"},"content":{"rendered":"\n<p class=\"has-black-color has-text-color has-link-color wp-elements-1dc927c586a60ac7880182c4a01aaba7\"><strong>Projeto das Irm\u00e3s de S. Jos\u00e9 de Cluny em Mo\u00e7ambique<\/strong><\/p>\n\n\n\n<p class=\"has-luminous-vivid-orange-color has-text-color has-link-color wp-elements-1f385164c0f8e70cc320033a10b94ad4\"><strong>INTRODU\u00c7\u00c3O<\/strong><\/p>\n\n\n\n<p class=\"has-black-color has-text-color has-link-color wp-elements-557ea7b9cfa7ae1187ba93c995333d83\">Mo\u00e7ambique \u00e9 um grande Pa\u00eds, jovem na sua popula\u00e7\u00e3o e rica nos seus abundantes recursos. Pa\u00eds acolhedor, beneficia de muitas parcerias e investimentos; por conseguinte gradualmente v\u00e3o-se registando progressos em todas as \u00e1reas sobretudo na melhoria da vida das crian\u00e7as.<\/p>\n\n\n\n<p class=\"has-black-color has-text-color has-link-color wp-elements-1e16c98f1f9d9933d50f0e1fc5c0f0dd\">A capital, Maputo, \u00e9 uma das mais lindas cidades da \u00c1frica Lus\u00f3fona e o n\u00edvel de vida da popula\u00e7\u00e3o revela uma certa redu\u00e7\u00e3o na taxa de pobreza embora o desn\u00edvel social tamb\u00e9m seja uma realidade. A exist\u00eancia, no Maputo, de Centros de refei\u00e7\u00e3o para os pobres, \u00e9 um comprovativo de que a pobreza \u00e9 um desafio que nos apela a criatividade, tendo em vista solu\u00e7\u00f5es a longo prazo.<\/p>\n\n\n\n<p class=\"has-black-color has-text-color has-link-color wp-elements-2dff9e067e07a8859b8bafe0bbcc9fad\">Segundo a UNICEF, \u201co recurso mais precioso de Mo\u00e7ambique s\u00e3o as suas crian\u00e7as. O seu bem estar e prosperidade s\u00e3o insepar\u00e1veis daquele do Pa\u00eds&#8230; foram feitos grandes progressos ao servi\u00e7o das crian\u00e7as, mas h\u00e1 ainda muito trabalho a fazer para proteger os seus direitos e assegurar o seu presente e futuro\u201d.<\/p>\n\n\n\n<p class=\"has-black-color has-text-color has-link-color wp-elements-3890f5581f865d4d9e34b4991a5c8e37\">Inseridas nesta realidade de pobreza, n\u00f3s, Irm\u00e3s de S. Jos\u00e9 de Cluny presentes no Maputo, fazendo parte das Congrega\u00e7\u00f5es que oferecem uma refei\u00e7\u00e3o di\u00e1ria aos pobres de rua, crian\u00e7as, jovens e adultos, queremos ir mais al\u00e9m da refei\u00e7\u00e3o di\u00e1ria oferecida, para que dentro de quatro, cinco anos, esta refei\u00e7\u00e3o seja feita em casa e n\u00e3o no Centro.<\/p>\n\n\n\n<p class=\"has-black-color has-text-color has-link-color wp-elements-825efd0a1011cc05b70fa7cc1aaa6957\">Conscientes de que a educa\u00e7\u00e3o \u00e9 chave do Progresso\/Desenvolvimento, sem abandonar o pobre que tem fome hoje, pensamos projetar o pobre mais novo num futuro mais feliz, atrav\u00e9s da educa\u00e7\u00e3o e da Forma\u00e7\u00e3o Profissional.<\/p>\n\n\n\n<p class=\"has-luminous-vivid-orange-color has-text-color has-link-color wp-elements-bf48375bcdd800684a08b22e0f29a99a\">Para isso, adquirimos por compra um terreno de 14000 m2 no Bairro Laulane &#8211; Maputo, para a <strong>constru\u00e7\u00e3o duma Escola Prim\u00e1ria\u00a0cujo Projeto apresentamos.<\/strong><\/p>\n\n\n\n<hr class=\"wp-block-separator has-alpha-channel-opacity\"\/>\n\n\n\n<h2 class=\"wp-block-heading has-luminous-vivid-orange-color has-text-color has-link-color wp-elements-dc5c0b718261d01f7b10e5626d142f72\"><strong>PROJETO<\/strong><\/h2>\n\n\n\n<p class=\"has-black-color has-text-color has-link-color wp-elements-258db98a01c2df03009818d050e206b1\"><strong>Denomina\u00e7\u00e3o do Projeto<\/strong><br>Constru\u00e7\u00e3o de uma escola Prim\u00e1ria em&nbsp;<strong>Laulane<\/strong>&nbsp;&#8211; Maputo<\/p>\n\n\n\n<p class=\"has-black-color has-text-color has-link-color wp-elements-4eac92f325e3a277d047d23f384335be\"><strong>Descri\u00e7\u00e3o e Fundamenta\u00e7\u00e3o do Projeto<\/strong><br>A falta de escolas em Mo\u00e7ambique, concretamente no Maputo, \u00e9 um grande desafio que exige de n\u00f3s um contributo para uma resposta a longo prazo.&nbsp;<\/p>\n\n\n\n<p class=\"has-black-color has-text-color has-link-color wp-elements-ab7857e3752f65208e73027e91554ee4\">Propomo-nos&nbsp;&nbsp;dar uma resposta de qualidade tanto a n\u00edvel de constru\u00e7\u00e3o, como a n\u00edvel de ensino para as crian\u00e7as, jovens e adultos que frequentar\u00e3o a nossa escola. De notar que na nossa Institui\u00e7\u00e3o escolar n\u00e3o haver\u00e1 nenhum tipo de discrimina\u00e7\u00e3o: ra\u00e7a, sexo, etnia, n\u00edvel social ou religi\u00e3o.<\/p>\n\n\n\n<p class=\"has-black-color has-text-color has-link-color wp-elements-5328b7b016338e3d072b7e0a3cd54de0\">A qualidade de constru\u00e7\u00e3o nos \u00e9 garantida pelo nosso empreiteiro Portugu\u00eas Senhor Engenheiro Leandro Faria, da Construtora EDIMADE Mo\u00e7ambique.<\/p>\n\n\n\n<p class=\"has-black-color has-text-color has-link-color wp-elements-a674c7b5ab4fd715b930c41a7a35435e\">A constru\u00e7\u00e3o por uma empresa fica mais cara; mas optamos por isso, por nos sentirmos incapacitadas para orientar com seguran\u00e7a uma obra deste g\u00e9nero.<\/p>\n\n\n\n<p class=\"has-black-color has-text-color has-link-color wp-elements-30b2d41a02302a7071d4b935fcc06f96\">A n\u00edvel do ensino propriamente dito, temos Irm\u00e3s formadas e em forma\u00e7\u00e3o para assegurar a qualidade de ensino na nossa futura Escola.<\/p>\n\n\n\n<p class=\"has-black-color has-text-color has-link-color wp-elements-612b01b6450b23bb31a03582d2279762\">O Desenvolvimento \u00e9 fruto da escola e \u00e9 nosso sonho fazer parte de quem trabalha pelo desenvolvimento no mundo e no nosso caso em Mo\u00e7ambique, nosso espa\u00e7o atual de miss\u00e3o.<\/p>\n\n\n\n<p class=\"has-black-color has-text-color has-link-color wp-elements-2c6372c41896ed9fbd75ceb036d86cf5\">A Ag\u00eancia de Informa\u00e7\u00e3o de Mo\u00e7ambique, a 31 de janeiro deste ano 2024, publicou um artigo em que o Senhor Manuel Simbine, Porta Voz do Minist\u00e9rio da Educa\u00e7\u00e3o e Desenvolvimento Humano, dizia:<\/p>\n\n\n\n<blockquote class=\"wp-block-quote is-layout-flow wp-block-quote-is-layout-flow\">\n<p class=\"has-black-color has-text-color has-link-color has-small-font-size wp-elements-96999bc91bf2fd94d3e27b6f33024536\"><strong>\u201c<\/strong>Um dos passos para combater o analfabetismo \u00e9 garantir o acesso universal \u00e0 educa\u00e7\u00e3o b\u00e1sica de qualidade. Isso envolve a implementa\u00e7\u00e3o de pol\u00edticas e programas que assegurem que todas as crian\u00e7as tenham oportunidade de frequentar a escola. Tirar as crian\u00e7as de debaixo das \u00e1rvores, \u00e9 um desafio que temos no setor. Mais de 7000 crian\u00e7as estudam ao relento&nbsp;ou sentadas no ch\u00e3o. Estamos a trabalhar e as comunidades tamb\u00e9m se envolvem com a constru\u00e7\u00e3o de salas com material de constru\u00e7\u00e3o local para permitir que estas crian\u00e7as, n\u00e3o tendo uma sala convencional,&nbsp;<strong>tenham uma sombra<\/strong>. <strong>A coloca\u00e7\u00e3o de carteiras<\/strong>&nbsp;\u00e9 outro elemento extremamente importante para permitir que, se a crian\u00e7a n\u00e3o tem uma sala convencional, pelo menos naquela sala de material local n\u00e3o se sente no ch\u00e3o, tenha uma&nbsp;<strong>carteira.\u201d<\/strong><\/p>\n<\/blockquote>\n\n\n\n<p><\/p>\n\n\n\n<p class=\"has-black-color has-text-color has-link-color wp-elements-3fc19d42f3c9f60a8effb966b867af56\"><strong>Finalidade do Projeto<\/strong><\/p>\n\n\n\n<p class=\"has-black-color has-text-color has-link-color wp-elements-8f74f03aface06aa95b368745c684c0a\">Criar um espa\u00e7o escolar digno para as crian\u00e7as e jovens que estudam em condi\u00e7\u00f5es prec\u00e1rias.&nbsp;<\/p>\n\n\n\n<p class=\"has-black-color has-text-color has-link-color wp-elements-2311e457c0ed510226d7ba2300336edc\"><strong>Objetivo Geral do Projeto&nbsp;<\/strong><\/p>\n\n\n\n<p class=\"has-black-color has-text-color has-link-color wp-elements-ca32a48c68545505ec4b6cd9676f0df5\">Promover&nbsp;&nbsp;educa\u00e7\u00e3o das crian\u00e7as, jovens e adultos, contribuindo para o desenvolvimento&nbsp;do Bairro Laulane e de Maputo a longo prazo. <br>*Jovens e adultos ser\u00e3o admitidos para as aulas de alfabetiza\u00e7\u00e3o e posteriormente ir\u00e3o para as escolas Profissionais. <br>Segundo os dados estat\u00edsticos, o analfabetismo atinge 49,4% entre as mulheres e 27,2% entre os homens. Reconhecemos que a alfabetiza\u00e7\u00e3o \u00e9 um bom meio de ascender \u00e0 autossufici\u00eancia financeira.<\/p>\n\n\n\n<p class=\"has-black-color has-text-color has-link-color wp-elements-38ab79db45cc9f4cc068e0bd00ca6d4d\"><strong>O nosso pedido para este Projeto:<\/strong>&nbsp;o que for poss\u00edvel a cada um, na certeza de que por m\u00ednimo que seja, em nome dos futuros benefici\u00e1rios, ser\u00e1 acolhido de m\u00e3os abertas e cora\u00e7\u00e3o muito agradecido.<\/p>\n\n\n\n<hr class=\"wp-block-separator has-alpha-channel-opacity\"\/>\n\n\n\n<h2 class=\"wp-block-heading has-luminous-vivid-orange-color has-text-color has-link-color has-medium-font-size wp-elements-92b6d230b249651a25433027be8756ce\"><strong>D\u00e9fice de salas de aula na prov\u00edncia de Maputo<\/strong><\/h2>\n\n\n\n<figure class=\"wp-block-image size-full is-resized\"><img loading=\"lazy\" decoding=\"async\" width=\"845\" height=\"722\" src=\"https:\/\/clunyportugal.com\/ppsjc\/wp-content\/uploads\/2024\/10\/sala_aula.png\" alt=\"\" class=\"wp-image-2085\" style=\"width:576px;height:auto\" srcset=\"https:\/\/clunyportugal.com\/ppsjc\/wp-content\/uploads\/2024\/10\/sala_aula.png 845w, https:\/\/clunyportugal.com\/ppsjc\/wp-content\/uploads\/2024\/10\/sala_aula-300x256.png 300w, https:\/\/clunyportugal.com\/ppsjc\/wp-content\/uploads\/2024\/10\/sala_aula-768x656.png 768w\" sizes=\"auto, (max-width: 845px) 100vw, 845px\" \/><\/figure>\n\n\n\n<p class=\"has-black-color has-text-color has-link-color wp-elements-0713d70dcd6db2e56fa1a099d96762a0\"><br>O sector da educa\u00e7\u00e3o na Prov\u00edncia de Maputo necessita de&nbsp;<strong>trezentas e cinquenta<\/strong>&nbsp;e&nbsp;<strong>uma salas de aula<\/strong>&nbsp;para&nbsp;<strong>tirar os mais de cinquenta mil<\/strong>&nbsp;<strong>alunos<\/strong>&nbsp;que estudam ao relento.<\/p>\n\n\n\n<p class=\"has-black-color has-text-color has-link-color wp-elements-1b714314b582f557cee25a057d89e96a\">Neste momento, o sector conta com oitocentas e setenta e uma salas de aula que funcionam ao ar livre.<br>A Diretora da Educa\u00e7\u00e3o na prov\u00edncia de Maputo referiu que a situa\u00e7\u00e3o deve-se tamb\u00e9m ao crescimento demogr\u00e1fico nesta regi\u00e3o do pa\u00eds, que aumenta a procura pelos servi\u00e7os nesta \u00e1rea.<br>Carm\u00e9nia Canda, que falava na Matola na audi\u00eancia do Governo da Prov\u00edncia com deputados da Assembleia da Rep\u00fablica, anunciou que at\u00e9 ao momento foram constru\u00eddas 21 novas salas de aulas das cerca de 350 necess\u00e1rias.<br>Para al\u00e9m de salas de aula, o&nbsp;<strong>sector tem um d\u00e9fice de mais de 17 mil carteiras escolares<\/strong>. (RM) &#8211; R\u00e1dio Mo\u00e7ambique<\/p>\n\n\n\n<p class=\"has-black-color has-text-color has-link-color wp-elements-9ac00cf961d1ea846fe5a532228b76c6\"><\/p>\n\n\n\n<figure class=\"wp-block-image size-full is-resized\"><img loading=\"lazy\" decoding=\"async\" width=\"1002\" height=\"712\" src=\"https:\/\/clunyportugal.com\/ppsjc\/wp-content\/uploads\/2024\/10\/sala_aula_2.png\" alt=\"\" class=\"wp-image-2086\" style=\"width:597px;height:auto\" srcset=\"https:\/\/clunyportugal.com\/ppsjc\/wp-content\/uploads\/2024\/10\/sala_aula_2.png 1002w, https:\/\/clunyportugal.com\/ppsjc\/wp-content\/uploads\/2024\/10\/sala_aula_2-300x213.png 300w, https:\/\/clunyportugal.com\/ppsjc\/wp-content\/uploads\/2024\/10\/sala_aula_2-768x546.png 768w\" sizes=\"auto, (max-width: 1002px) 100vw, 1002px\" \/><\/figure>\n\n\n\n<p class=\"has-black-color has-text-color has-link-color wp-elements-f0d502d84b300c598ad6b121f90c3060\"><strong>A Dire\u00e7\u00e3o provincial de Educa\u00e7\u00e3o diz estar a preparar projeto para eliminar turmas ao ar livre em Maputo<\/strong><\/p>\n\n\n\n<p class=\"has-black-color has-text-color has-link-color wp-elements-5b91aca5f28a4491b1fbaa28c2a73c56\">Dos oito distritos da prov\u00edncia de Maputo, Matola e Marracuene \u00e9 que possuem maior n\u00famero de turmas com&nbsp;<strong>alunos a estudarem ao ar livre e sentados no ch\u00e3o<\/strong>, sendo Matola com 699 turmas e Marracuene com 141 de um total de 1152 turmas que n\u00e3o t\u00eam salas convencionais,&nbsp;<strong>recorrendo \u00e0s \u00e1rvores<\/strong>.<\/p>\n\n\n\n<p class=\"has-black-color has-text-color has-link-color wp-elements-055b8d38ee9f4bb241059828cb38c01a\">A Escola Prim\u00e1ria Completa Joaquim Chissano, no distrito de Marracuene, conta, para o presente ano letivo, com 2682 alunos da primeira \u00e0 s\u00e9tima classes, correspondentes a um total de 48 turmas e, desse universo,&nbsp;<strong>h\u00e1 17 turmas que usam as sombras das \u00e1rvores como salas de aula e com os alunos sentados no ch\u00e3o.<\/strong><\/p>\n\n\n\n<p class=\"has-black-color has-text-color has-link-color wp-elements-0ff1521931cdfce53fd7429b41e063f0\">Flora Sitoe pretende formar-se em medicina quando concluir o n\u00edvel m\u00e9dio, mas n\u00e3o disfar\u00e7a a sua tristeza de receber aulas ao relento e sentada no ch\u00e3o e pede melhoria das condi\u00e7\u00f5es para todos os alunos do pa\u00eds que est\u00e3o na mesma situa\u00e7\u00e3o<strong>. \u201cEstamos a sofrer aqui, debaixo das \u00e1rvores, e, quando chove, n\u00e3o estudamos, ficamos em casa.\u201d<\/strong><\/p>\n\n\n\n<p class=\"has-black-color has-text-color has-link-color wp-elements-cc26328db438ea0ede7234d011c69115\">Quando questionada sobre a situa\u00e7\u00e3o da escola e o que gostava&nbsp;&nbsp;que fosse feito, respondeu nos seguintes termos:&nbsp;<strong>\u201c<\/strong>Gostava que fossem constru\u00eddas salas para todos n\u00f3s, para podermos estudar e sermos como outras pessoas. Estamos cansados de sentar debaixo das \u00e1rvores<strong>\u201d,<\/strong>&nbsp;expressou-se a aluna de doze anos de idade que frequenta a sexta classe.<\/p>\n\n\n\n<hr class=\"wp-block-separator has-alpha-channel-opacity\"\/>\n\n\n\n<h2 class=\"wp-block-heading has-luminous-vivid-orange-color has-text-color has-link-color has-medium-font-size wp-elements-f89fa7eb53f15e7f5b7ac0e410215724\"><strong>Alunos da primeira classe: 5 \/ 6 anos<\/strong><\/h2>\n\n\n\n<figure class=\"wp-block-image size-full is-resized\"><img loading=\"lazy\" decoding=\"async\" width=\"997\" height=\"645\" src=\"https:\/\/clunyportugal.com\/ppsjc\/wp-content\/uploads\/2024\/10\/sala_aula_3.png\" alt=\"\" class=\"wp-image-2087\" style=\"width:629px;height:auto\" srcset=\"https:\/\/clunyportugal.com\/ppsjc\/wp-content\/uploads\/2024\/10\/sala_aula_3.png 997w, https:\/\/clunyportugal.com\/ppsjc\/wp-content\/uploads\/2024\/10\/sala_aula_3-300x194.png 300w, https:\/\/clunyportugal.com\/ppsjc\/wp-content\/uploads\/2024\/10\/sala_aula_3-768x497.png 768w\" sizes=\"auto, (max-width: 997px) 100vw, 997px\" \/><\/figure>\n\n\n\n<p class=\"has-luminous-vivid-orange-color has-text-color has-link-color has-medium-font-size wp-elements-f0eced11297312c18539bf4f6c9b0530\"><strong>Tr\u00eas salas de aula juntas para aproveitar a sombra<\/strong><\/p>\n\n\n\n<figure class=\"wp-block-image size-full is-resized\"><img loading=\"lazy\" decoding=\"async\" width=\"968\" height=\"727\" src=\"https:\/\/clunyportugal.com\/ppsjc\/wp-content\/uploads\/2024\/10\/sala_aula_4.png\" alt=\"\" class=\"wp-image-2088\" style=\"width:634px;height:auto\" srcset=\"https:\/\/clunyportugal.com\/ppsjc\/wp-content\/uploads\/2024\/10\/sala_aula_4.png 968w, https:\/\/clunyportugal.com\/ppsjc\/wp-content\/uploads\/2024\/10\/sala_aula_4-300x225.png 300w, https:\/\/clunyportugal.com\/ppsjc\/wp-content\/uploads\/2024\/10\/sala_aula_4-768x577.png 768w, https:\/\/clunyportugal.com\/ppsjc\/wp-content\/uploads\/2024\/10\/sala_aula_4-380x285.png 380w, https:\/\/clunyportugal.com\/ppsjc\/wp-content\/uploads\/2024\/10\/sala_aula_4-285x214.png 285w\" sizes=\"auto, (max-width: 968px) 100vw, 968px\" \/><\/figure>\n\n\n\n<hr class=\"wp-block-separator has-alpha-channel-opacity\"\/>\n\n\n\n<h2 class=\"wp-block-heading has-luminous-vivid-orange-color has-text-color has-link-color has-medium-font-size wp-elements-a5411990353a2f8638ebe6faa7affac4\"><strong>Conclus\u00e3o<\/strong><\/h2>\n\n\n\n<p class=\"has-black-color has-text-color has-link-color wp-elements-e9b78136c7abe682758bb825513f6bb1\">As imagens acima mostram qu\u00e3o necess\u00e1ria \u00e9 a constru\u00e7\u00e3o de salas de aula neste Pa\u00eds em crescimento.<\/p>\n\n\n\n<p class=\"has-black-color has-text-color has-link-color wp-elements-a7df18c0825fcc3925d32a532f0cba12\">As Im\u00e3s de S. Jos\u00e9 de Cluny em Mo\u00e7ambique atrav\u00e9s da Prov\u00edncia Portuguesa da mesma Congrega\u00e7\u00e3o, vem apresentar este Projeto de Constru\u00e7\u00e3o de uma escola e aguardam com muita \u00e2nsia uma ajuda em verba, da parte de benfeitores generosos, para a sua materializa\u00e7\u00e3o.&nbsp;<\/p>\n\n\n\n<p class=\"has-black-color has-text-color has-link-color wp-elements-492543aee553dea100824b754f4f67d6\">A escola, sendo um espa\u00e7o ideal de evangeliza\u00e7\u00e3o e de dignifica\u00e7\u00e3o da pessoa humana, desde as suas origens a Congrega\u00e7\u00e3o, inclusive em Mo\u00e7ambique, se dedicou a:&nbsp;<\/p>\n\n\n\n<ul class=\"wp-block-list has-black-color has-text-color has-link-color wp-elements-6ab6ee746a02546b1c57449f1ae48b7c\">\n<li>Educa\u00e7\u00e3o formal e informal \u2013 creches, escolas infantis, escolas prim\u00e1rias e secund\u00e1rias, col\u00e9gios, cursos de alfabetiza\u00e7\u00e3o, Centros de Ocupa\u00e7\u00e3o de Tempos Livres, escolas de costura e bordados, culin\u00e1ria e pastelaria, higiene e puericultura,<\/li>\n\n\n\n<li>Acolhimento em lares, de meninas de aldeias distantes das escolas, para estudar&nbsp;<\/li>\n\n\n\n<li>Forma\u00e7\u00e3o Profissional \u2013 escolas de forma\u00e7\u00e3o de Professores, de Educadores de Inf\u00e2ncia, de T\u00e9cnicos superiores de enfermagem,&nbsp;<\/li>\n\n\n\n<li>Cursos p\u00f3s-laborais para jovens e adultos&nbsp;<\/li>\n<\/ul>\n\n\n\n<p class=\"has-black-color has-text-color has-link-color wp-elements-256db15dd789366d318ca8fe16091e51\">Assim, a contribui\u00e7\u00e3o da Congrega\u00e7\u00e3o neste sector&nbsp;<strong>\u201c<\/strong>educa\u00e7\u00e3o<strong>\u201d<\/strong>&nbsp;tem como objetivo ajudar a pessoa a ser o ator do seu pr\u00f3prio desenvolvimento e do progresso do seu meio ambiente..&nbsp;<\/p>\n\n\n\n<p class=\"has-black-color has-text-color has-link-color wp-elements-22c2e3fe24ad5d5b33ee18bf4d1839a3\">No Cap\u00edtulo Geral do ano 2000, a Superiora Geral, Madre Marie No\u00ebl Lefran\u00e7ois, no seu Relat\u00f3rio e na Introdu\u00e7\u00e3o do tema sobre a Educa\u00e7\u00e3o, dizia:&nbsp;&nbsp;<\/p>\n\n\n\n<blockquote class=\"wp-block-quote is-layout-flow wp-block-quote-is-layout-flow\">\n<p class=\"has-small-font-size\"><strong>\u201c<\/strong>Se o teu projeto \u00e9 para 10 anos, planta uma \u00e1rvore<br>Se o fazes para 20 anos, constr\u00f3i uma casa<br>Se \u00e9 por 100 anos que o fazes, educa uma pessoa<strong>\u201d<\/strong><\/p>\n<\/blockquote>\n\n\n\n<p><\/p>\n\n\n\n<p class=\"has-black-color has-text-color has-link-color wp-elements-229022471486a4047ff29378d1d2f09a\"><strong>E a Madre Marie No\u00ebl continua:<\/strong><\/p>\n\n\n\n<p class=\"has-black-color has-text-color has-link-color wp-elements-307e9537db20dfd2654629a39300898d\">Para n\u00f3s Congrega\u00e7\u00e3o,<strong>&nbsp;\u201c<\/strong>ensinar \u00e9 primeiramente uma voca\u00e7\u00e3o, antes de ser uma Profiss\u00e3o. As nossas Institui\u00e7\u00f5es de Educa\u00e7\u00e3o devem ser agentes de uma mudan\u00e7a social que promove a justi\u00e7a, a igualdade, a fraternidade e salvaguarda da dignidade da pessoa.<strong>\u201d<\/strong><\/p>\n\n\n\n<p class=\"has-black-color has-text-color has-link-color wp-elements-6f8c0d3e9365cbe822b739e5cabd4f61\">S\u00e3o estes princ\u00edpios gerais da Congrega\u00e7\u00e3o que traduzem um dos aspectos mais importantes do nosso Carisma e que queremos implementar em Mo\u00e7ambique.<br>Nossa antecipada gratid\u00e3o pela aten\u00e7\u00e3o que vai merecer este Pedido.<\/p>\n\n\n\n<p class=\"has-black-color has-text-color has-link-color wp-elements-3263aaf138779ddf3f8f2cf7dec8b94e\">Com os melhores cumprimentos.<br>Maputo, 20 de mar\u00e7o de 2024<br><em>Ir Ver\u00f3nica Tyimuma,sjc<\/em><\/p>\n","protected":false},"excerpt":{"rendered":"<p>Projeto das Irm\u00e3s de S. Jos\u00e9 de Cluny em Mo\u00e7ambique INTRODU\u00c7\u00c3O Mo\u00e7ambique \u00e9 um grande Pa\u00eds, jovem na sua popula\u00e7\u00e3o e rica nos seus abundantes recursos. Pa\u00eds acolhedor, beneficia de muitas parcerias e investimentos; por conseguinte gradualmente v\u00e3o-se registando progressos em todas as \u00e1reas sobretudo na melhoria da vida das crian\u00e7as. A capital, Maputo, \u00e9 [&hellip;]<\/p>\n<p class=\"more-link\"><a href=\"https:\/\/clunyportugal.com\/ppsjc\/2024\/10\/27\/sjc-em-mocambique\/\"  class=\"themebutton\">Read More<\/a><\/p>\n","protected":false},"author":1,"featured_media":2087,"comment_status":"closed","ping_status":"closed","sticky":false,"template":"","format":"standard","meta":{"footnotes":""},"categories":[1],"tags":[],"class_list":["post-2084","post","type-post","status-publish","format-standard","has-post-thumbnail","hentry","category-uncategorized"],"_links":{"self":[{"href":"https:\/\/clunyportugal.com\/ppsjc\/wp-json\/wp\/v2\/posts\/2084","targetHints":{"allow":["GET"]}}],"collection":[{"href":"https:\/\/clunyportugal.com\/ppsjc\/wp-json\/wp\/v2\/posts"}],"about":[{"href":"https:\/\/clunyportugal.com\/ppsjc\/wp-json\/wp\/v2\/types\/post"}],"author":[{"embeddable":true,"href":"https:\/\/clunyportugal.com\/ppsjc\/wp-json\/wp\/v2\/users\/1"}],"replies":[{"embeddable":true,"href":"https:\/\/clunyportugal.com\/ppsjc\/wp-json\/wp\/v2\/comments?post=2084"}],"version-history":[{"count":12,"href":"https:\/\/clunyportugal.com\/ppsjc\/wp-json\/wp\/v2\/posts\/2084\/revisions"}],"predecessor-version":[{"id":2105,"href":"https:\/\/clunyportugal.com\/ppsjc\/wp-json\/wp\/v2\/posts\/2084\/revisions\/2105"}],"wp:featuredmedia":[{"embeddable":true,"href":"https:\/\/clunyportugal.com\/ppsjc\/wp-json\/wp\/v2\/media\/2087"}],"wp:attachment":[{"href":"https:\/\/clunyportugal.com\/ppsjc\/wp-json\/wp\/v2\/media?parent=2084"}],"wp:term":[{"taxonomy":"category","embeddable":true,"href":"https:\/\/clunyportugal.com\/ppsjc\/wp-json\/wp\/v2\/categories?post=2084"},{"taxonomy":"post_tag","embeddable":true,"href":"https:\/\/clunyportugal.com\/ppsjc\/wp-json\/wp\/v2\/tags?post=2084"}],"curies":[{"name":"wp","href":"https:\/\/api.w.org\/{rel}","templated":true}]}}