{"id":2080,"date":"2024-10-21T07:37:09","date_gmt":"2024-10-21T07:37:09","guid":{"rendered":"https:\/\/clunyportugal.com\/ppsjc\/?p=2080"},"modified":"2024-10-21T07:37:11","modified_gmt":"2024-10-21T07:37:11","slug":"viver-em-missao","status":"publish","type":"post","link":"https:\/\/clunyportugal.com\/ppsjc\/2024\/10\/21\/viver-em-missao\/","title":{"rendered":"VIVER EM MISS\u00c3O"},"content":{"rendered":"\n<p class=\"has-black-color has-text-color has-link-color wp-elements-3198a376c8fa501130a26fcd9f47c425\"><strong>&#8220;Viver em miss\u00e3o procuramos Deus com todo o cora\u00e7\u00e3o!&#8221;<\/strong><\/p>\n\n\n\n<p class=\"has-black-color has-text-color has-link-color wp-elements-743bec2a284f9a632e359859740ad90f\">Os Jovens Mission\u00e1rios Cluny (JMC), um projeto cat\u00f3lico formado por jovens identificados com o carisma da Congrega\u00e7\u00e3o das Irm\u00e3s de S. Jos\u00e9 de Cluny, s\u00e3o inspirados pela vida e miss\u00e3o da Beata Ana Maria Javouhey. O grupo nasceu do desejo de ser continuamente miss\u00e3o e durante 5 anos preparamo-nos com diversos encontros no Lar Universit\u00e1rio Cluny (LUC), no Porto, para que no dia de hoje fosse poss\u00edvel partirmos em miss\u00e3o para a Guin\u00e9.<\/p>\n\n\n\n<p class=\"has-black-color has-text-color has-link-color wp-elements-188d7e4961747497365e70814134c1a9\">Com grande entusiasmo, informamos que partimos em miss\u00e3o para Farim, Guin\u00e9-Bissau. Durante esta miss\u00e3o, pretendemos apoiar os projetos j\u00e1 em curso na regi\u00e3o, implementados pelas Irm\u00e3s de S. Jos\u00e9 de Cluny, que incluem o aux\u00edlio a fam\u00edlias e crian\u00e7as em idade escolar e a motiva\u00e7\u00e3o dos jovens para continuar os seus estudos com vista ao acesso ao ensino universit\u00e1rio. Neste momento, est\u00e1 tamb\u00e9m em desenvolvimento a abertura de uma universidade nesta \u00e1rea, um projeto de grande impacto social e educativo.<\/p>\n\n\n\n<p class=\"has-black-color has-text-color has-link-color wp-elements-03e16004fb57a5998d49025d5778814e\">Agradecemos a todos quantos nos t\u00eam acompanhado e colaborado para que esta miss\u00e3o acontecesse!<br>Contamos com a vossa ora\u00e7\u00e3o certos de que vos levamos a todos no cora\u00e7\u00e3o!<\/p>\n\n\n\n<p class=\"has-black-color has-text-color has-link-color wp-elements-2efd3a6ca947b19cabe174e9aa16f91b\">At\u00e9 breve!!!<\/p>\n\n\n\n<figure class=\"wp-block-image size-large is-resized\"><img loading=\"lazy\" decoding=\"async\" width=\"761\" height=\"1024\" src=\"https:\/\/clunyportugal.com\/ppsjc\/wp-content\/uploads\/2024\/10\/missionarios_jovens-761x1024.png\" alt=\"\" class=\"wp-image-2081\" style=\"width:666px;height:auto\" srcset=\"https:\/\/clunyportugal.com\/ppsjc\/wp-content\/uploads\/2024\/10\/missionarios_jovens-761x1024.png 761w, https:\/\/clunyportugal.com\/ppsjc\/wp-content\/uploads\/2024\/10\/missionarios_jovens-223x300.png 223w, https:\/\/clunyportugal.com\/ppsjc\/wp-content\/uploads\/2024\/10\/missionarios_jovens-768x1034.png 768w, https:\/\/clunyportugal.com\/ppsjc\/wp-content\/uploads\/2024\/10\/missionarios_jovens-1141x1536.png 1141w, https:\/\/clunyportugal.com\/ppsjc\/wp-content\/uploads\/2024\/10\/missionarios_jovens.png 1182w\" sizes=\"auto, (max-width: 761px) 100vw, 761px\" \/><\/figure>\n","protected":false},"excerpt":{"rendered":"<p>&#8220;Viver em miss\u00e3o procuramos Deus com todo o cora\u00e7\u00e3o!&#8221; Os Jovens Mission\u00e1rios Cluny (JMC), um projeto cat\u00f3lico formado por jovens identificados com o carisma da Congrega\u00e7\u00e3o das Irm\u00e3s de S. Jos\u00e9 de Cluny, s\u00e3o inspirados pela vida e miss\u00e3o da Beata Ana Maria Javouhey. O grupo nasceu do desejo de ser continuamente miss\u00e3o e durante [&hellip;]<\/p>\n<p class=\"more-link\"><a href=\"https:\/\/clunyportugal.com\/ppsjc\/2024\/10\/21\/viver-em-missao\/\"  class=\"themebutton\">Read More<\/a><\/p>\n","protected":false},"author":1,"featured_media":2082,"comment_status":"closed","ping_status":"closed","sticky":false,"template":"","format":"standard","meta":{"footnotes":""},"categories":[1],"tags":[],"class_list":["post-2080","post","type-post","status-publish","format-standard","has-post-thumbnail","hentry","category-uncategorized"],"_links":{"self":[{"href":"https:\/\/clunyportugal.com\/ppsjc\/wp-json\/wp\/v2\/posts\/2080","targetHints":{"allow":["GET"]}}],"collection":[{"href":"https:\/\/clunyportugal.com\/ppsjc\/wp-json\/wp\/v2\/posts"}],"about":[{"href":"https:\/\/clunyportugal.com\/ppsjc\/wp-json\/wp\/v2\/types\/post"}],"author":[{"embeddable":true,"href":"https:\/\/clunyportugal.com\/ppsjc\/wp-json\/wp\/v2\/users\/1"}],"replies":[{"embeddable":true,"href":"https:\/\/clunyportugal.com\/ppsjc\/wp-json\/wp\/v2\/comments?post=2080"}],"version-history":[{"count":1,"href":"https:\/\/clunyportugal.com\/ppsjc\/wp-json\/wp\/v2\/posts\/2080\/revisions"}],"predecessor-version":[{"id":2083,"href":"https:\/\/clunyportugal.com\/ppsjc\/wp-json\/wp\/v2\/posts\/2080\/revisions\/2083"}],"wp:featuredmedia":[{"embeddable":true,"href":"https:\/\/clunyportugal.com\/ppsjc\/wp-json\/wp\/v2\/media\/2082"}],"wp:attachment":[{"href":"https:\/\/clunyportugal.com\/ppsjc\/wp-json\/wp\/v2\/media?parent=2080"}],"wp:term":[{"taxonomy":"category","embeddable":true,"href":"https:\/\/clunyportugal.com\/ppsjc\/wp-json\/wp\/v2\/categories?post=2080"},{"taxonomy":"post_tag","embeddable":true,"href":"https:\/\/clunyportugal.com\/ppsjc\/wp-json\/wp\/v2\/tags?post=2080"}],"curies":[{"name":"wp","href":"https:\/\/api.w.org\/{rel}","templated":true}]}}