{"id":2027,"date":"2024-04-03T17:25:04","date_gmt":"2024-04-03T17:25:04","guid":{"rendered":"https:\/\/clunyportugal.com\/ppsjc\/?p=2027"},"modified":"2024-10-06T16:55:59","modified_gmt":"2024-10-06T16:55:59","slug":"concerto-guine24","status":"publish","type":"post","link":"https:\/\/clunyportugal.com\/ppsjc\/2024\/04\/03\/concerto-guine24\/","title":{"rendered":"CONCERTO &#8211; GUIN\u00c9&#8217;24"},"content":{"rendered":"\n<p class=\"has-black-color has-text-color has-link-color wp-elements-8dd2afd1e831588afcd37b0a83a5f046\"><strong>Mais uma iniciativa em curso dos Jovens Mission\u00e1rios Cluny (JMC)<\/strong><\/p>\n\n\n\n<p class=\"has-black-color has-text-color has-link-color wp-elements-042f2ce55e66c9e5f63e0f92983049b4\">\u00c9 j\u00e1 no pr\u00f3ximo dia 11 de Abril, \u00e0s 21h00, que estes jovens mission\u00e1rios promovem mais um concerto, como forma de angaria\u00e7\u00e3o de fundos para a sua partida em Miss\u00e3o para Farim, Guin\u00e9 Bissau, em Outubro 2024.<br><br>O concerto realizar-se-\u00e1 no Lar Universit\u00e1rio S\u00e3o Jos\u00e9 de Cluny (LUC), localizado na Rua do Breiner n.\u00ba 401, no Porto. A entrada n\u00e3o tem um valor associado. Os jovens solicitam, a cada participante, que deixem o seu contributo solid\u00e1rio sabendo que estar\u00e3o a colaborar para a ida dos mesmos \u00e0 Guin\u00e9\u00a0<br><br>O grupo JMC \u00e9 um projeto mission\u00e1rio cat\u00f3lico, no qual jovens identificados com o carisma da Congrega\u00e7\u00e3o das Irm\u00e3s de S. Jos\u00e9 de Cluny se preparam para partir em Miss\u00e3o para Farim (Guin\u00e9-Bissau), onde a Congrega\u00e7\u00e3o marca a sua presen\u00e7a.<\/p>\n\n\n\n<figure class=\"wp-block-image size-large is-resized\"><img loading=\"lazy\" decoding=\"async\" width=\"1024\" height=\"1024\" src=\"https:\/\/clunyportugal.com\/ppsjc\/wp-content\/uploads\/2024\/04\/Whatsconcerto_solidario-1024x1024.jpeg\" alt=\"\" class=\"wp-image-2028\" style=\"width:643px;height:auto\" srcset=\"https:\/\/clunyportugal.com\/ppsjc\/wp-content\/uploads\/2024\/04\/Whatsconcerto_solidario-1024x1024.jpeg 1024w, https:\/\/clunyportugal.com\/ppsjc\/wp-content\/uploads\/2024\/04\/Whatsconcerto_solidario-300x300.jpeg 300w, https:\/\/clunyportugal.com\/ppsjc\/wp-content\/uploads\/2024\/04\/Whatsconcerto_solidario-150x150.jpeg 150w, https:\/\/clunyportugal.com\/ppsjc\/wp-content\/uploads\/2024\/04\/Whatsconcerto_solidario-768x768.jpeg 768w, https:\/\/clunyportugal.com\/ppsjc\/wp-content\/uploads\/2024\/04\/Whatsconcerto_solidario-53x53.jpeg 53w, https:\/\/clunyportugal.com\/ppsjc\/wp-content\/uploads\/2024\/04\/Whatsconcerto_solidario-570x570.jpeg 570w, https:\/\/clunyportugal.com\/ppsjc\/wp-content\/uploads\/2024\/04\/Whatsconcerto_solidario-380x380.jpeg 380w, https:\/\/clunyportugal.com\/ppsjc\/wp-content\/uploads\/2024\/04\/Whatsconcerto_solidario-285x285.jpeg 285w, https:\/\/clunyportugal.com\/ppsjc\/wp-content\/uploads\/2024\/04\/Whatsconcerto_solidario.jpeg 1080w\" sizes=\"auto, (max-width: 1024px) 100vw, 1024px\" \/><\/figure>\n","protected":false},"excerpt":{"rendered":"<p>Mais uma iniciativa em curso dos Jovens Mission\u00e1rios Cluny (JMC) \u00c9 j\u00e1 no pr\u00f3ximo dia 11 de Abril, \u00e0s 21h00, que estes jovens mission\u00e1rios promovem mais um concerto, como forma de angaria\u00e7\u00e3o de fundos para a sua partida em Miss\u00e3o para Farim, Guin\u00e9 Bissau, em Outubro 2024. O concerto realizar-se-\u00e1 no Lar Universit\u00e1rio S\u00e3o Jos\u00e9 [&hellip;]<\/p>\n<p class=\"more-link\"><a href=\"https:\/\/clunyportugal.com\/ppsjc\/2024\/04\/03\/concerto-guine24\/\"  class=\"themebutton\">Read More<\/a><\/p>\n","protected":false},"author":1,"featured_media":2032,"comment_status":"closed","ping_status":"closed","sticky":false,"template":"","format":"standard","meta":{"footnotes":""},"categories":[1],"tags":[],"class_list":["post-2027","post","type-post","status-publish","format-standard","has-post-thumbnail","hentry","category-uncategorized"],"_links":{"self":[{"href":"https:\/\/clunyportugal.com\/ppsjc\/wp-json\/wp\/v2\/posts\/2027","targetHints":{"allow":["GET"]}}],"collection":[{"href":"https:\/\/clunyportugal.com\/ppsjc\/wp-json\/wp\/v2\/posts"}],"about":[{"href":"https:\/\/clunyportugal.com\/ppsjc\/wp-json\/wp\/v2\/types\/post"}],"author":[{"embeddable":true,"href":"https:\/\/clunyportugal.com\/ppsjc\/wp-json\/wp\/v2\/users\/1"}],"replies":[{"embeddable":true,"href":"https:\/\/clunyportugal.com\/ppsjc\/wp-json\/wp\/v2\/comments?post=2027"}],"version-history":[{"count":2,"href":"https:\/\/clunyportugal.com\/ppsjc\/wp-json\/wp\/v2\/posts\/2027\/revisions"}],"predecessor-version":[{"id":2030,"href":"https:\/\/clunyportugal.com\/ppsjc\/wp-json\/wp\/v2\/posts\/2027\/revisions\/2030"}],"wp:featuredmedia":[{"embeddable":true,"href":"https:\/\/clunyportugal.com\/ppsjc\/wp-json\/wp\/v2\/media\/2032"}],"wp:attachment":[{"href":"https:\/\/clunyportugal.com\/ppsjc\/wp-json\/wp\/v2\/media?parent=2027"}],"wp:term":[{"taxonomy":"category","embeddable":true,"href":"https:\/\/clunyportugal.com\/ppsjc\/wp-json\/wp\/v2\/categories?post=2027"},{"taxonomy":"post_tag","embeddable":true,"href":"https:\/\/clunyportugal.com\/ppsjc\/wp-json\/wp\/v2\/tags?post=2027"}],"curies":[{"name":"wp","href":"https:\/\/api.w.org\/{rel}","templated":true}]}}