{"id":2006,"date":"2024-03-19T16:36:27","date_gmt":"2024-03-19T16:36:27","guid":{"rendered":"https:\/\/clunyportugal.com\/ppsjc\/?p=2006"},"modified":"2024-10-06T16:56:30","modified_gmt":"2024-10-06T16:56:30","slug":"formacao-cluny-2","status":"publish","type":"post","link":"https:\/\/clunyportugal.com\/ppsjc\/2024\/03\/19\/formacao-cluny-2\/","title":{"rendered":"FORMA\u00c7\u00c3O CLUNY"},"content":{"rendered":"\n<h2 class=\"wp-block-heading has-black-color has-text-color has-link-color wp-elements-2b2ec388da808c961d187459c2b0aa62\"><strong>BEATA ANA MARIA JAVOUHEY<\/strong><\/h2>\n\n\n\n<hr class=\"wp-block-separator has-alpha-channel-opacity\"\/>\n\n\n\n<h2 class=\"wp-block-heading has-luminous-vivid-amber-color has-text-color has-link-color wp-elements-3b5ff3386df94401442e0d6cbb965190\"><strong>Desafios da M\u00edstica e da Espiritualidade<\/strong><br>e <strong>A M\u00edstica na Miss\u00e3o<\/strong><\/h2>\n\n\n\n<figure class=\"wp-block-image size-large\"><img loading=\"lazy\" decoding=\"async\" width=\"1024\" height=\"371\" src=\"https:\/\/clunyportugal.com\/ppsjc\/wp-content\/uploads\/2024\/03\/banner_mistica-1024x371.jpg\" alt=\"\" class=\"wp-image-2007\" srcset=\"https:\/\/clunyportugal.com\/ppsjc\/wp-content\/uploads\/2024\/03\/banner_mistica-1024x371.jpg 1024w, https:\/\/clunyportugal.com\/ppsjc\/wp-content\/uploads\/2024\/03\/banner_mistica-300x109.jpg 300w, https:\/\/clunyportugal.com\/ppsjc\/wp-content\/uploads\/2024\/03\/banner_mistica-768x278.jpg 768w, https:\/\/clunyportugal.com\/ppsjc\/wp-content\/uploads\/2024\/03\/banner_mistica-1536x557.jpg 1536w, https:\/\/clunyportugal.com\/ppsjc\/wp-content\/uploads\/2024\/03\/banner_mistica-2048x742.jpg 2048w\" sizes=\"auto, (max-width: 1024px) 100vw, 1024px\" \/><\/figure>\n\n\n\n<h2 class=\"wp-block-heading has-black-color has-text-color has-link-color wp-elements-8159f1914f3d47a6b258aa6dba47a2d6\"><strong>18 de maio\u201924 <\/strong><br><strong>PROGRAMA<\/strong><\/h2>\n\n\n\n<p class=\"has-black-color has-text-color has-link-color wp-elements-9aee234fa52cccef47db49f8e8ff396c\">10h00 <strong>Desafios da M\u00edstica e da Espiritualidade<\/strong><br><strong>Eug\u00e9nia Abrantes <\/strong><br>Psic\u00f3loga e especialista em M\u00edstica<\/p>\n\n\n\n<hr class=\"wp-block-separator has-alpha-channel-opacity\"\/>\n\n\n\n<p class=\"has-black-color has-text-color has-link-color wp-elements-149c37bc148507199126eb3e4c696301\">14h00 <strong>A M\u00edstica na Miss\u00e3o &#8211; Beata Ana Maria Javouhey<\/strong><br><strong>Artur Bessa<\/strong> \/ <strong>Jo\u00e3o Oliveira<\/strong> <br>Professores e Associados da Congrega\u00e7\u00e3o de S. Jos\u00e9 de Cluny<\/p>\n\n\n\n<hr class=\"wp-block-separator has-alpha-channel-opacity\"\/>\n\n\n\n<p class=\"has-black-color has-text-color has-link-color wp-elements-0482df708006cacd45e04aef4203f1d2\">16h00 <strong>Comunica\u00e7\u00e3o com a Postuladora da Causa da Canoniza\u00e7\u00e3o da Beata Ana Maria Javouhey<\/strong><br><strong>Irm\u00e3 Annette<\/strong><br>Irm\u00e3 de S\u00e3o Jos\u00e9 de Cluny<\/p>\n\n\n\n<hr class=\"wp-block-separator has-alpha-channel-opacity\"\/>\n\n\n\n<h2 class=\"wp-block-heading has-luminous-vivid-amber-color has-text-color has-link-color wp-elements-d67dd290d759f2b90cfaae5fa316dfe5\"><strong>INSCRI\u00c7\u00d5ES GRATUITAS<\/strong><\/h2>\n\n\n\n<p class=\"has-black-color has-text-color has-link-color wp-elements-75dd5f4517c72d36c63ea21cdbb9ebf4\">Telm:<strong> 962 104 406<\/strong><br>EMAIL: <strong>reservas@clunyportugal.com<\/strong><\/p>\n\n\n\n<p class=\"has-vivid-cyan-blue-color has-text-color has-link-color wp-elements-933f20bb5d3d9137f58af9af9c2cdc90\"><strong>CASA DE S. JOS\u00c9 DE CLUNY<\/strong><br><a href=\"http:\/\/casacluny.clunyportugal.com\">Centro de Espiritualidade e Cultura Ana Maria Javouhey<\/a><br>Torres Novas<\/p>\n","protected":false},"excerpt":{"rendered":"<p>BEATA ANA MARIA JAVOUHEY Desafios da M\u00edstica e da Espiritualidadee A M\u00edstica na Miss\u00e3o 18 de maio\u201924 PROGRAMA 10h00 Desafios da M\u00edstica e da EspiritualidadeEug\u00e9nia Abrantes Psic\u00f3loga e especialista em M\u00edstica 14h00 A M\u00edstica na Miss\u00e3o &#8211; Beata Ana Maria JavouheyArtur Bessa \/ Jo\u00e3o Oliveira Professores e Associados da Congrega\u00e7\u00e3o de S. Jos\u00e9 de Cluny [&hellip;]<\/p>\n<p class=\"more-link\"><a href=\"https:\/\/clunyportugal.com\/ppsjc\/2024\/03\/19\/formacao-cluny-2\/\"  class=\"themebutton\">Read More<\/a><\/p>\n","protected":false},"author":1,"featured_media":2009,"comment_status":"closed","ping_status":"closed","sticky":false,"template":"","format":"standard","meta":{"footnotes":""},"categories":[1],"tags":[],"class_list":["post-2006","post","type-post","status-publish","format-standard","has-post-thumbnail","hentry","category-uncategorized"],"_links":{"self":[{"href":"https:\/\/clunyportugal.com\/ppsjc\/wp-json\/wp\/v2\/posts\/2006","targetHints":{"allow":["GET"]}}],"collection":[{"href":"https:\/\/clunyportugal.com\/ppsjc\/wp-json\/wp\/v2\/posts"}],"about":[{"href":"https:\/\/clunyportugal.com\/ppsjc\/wp-json\/wp\/v2\/types\/post"}],"author":[{"embeddable":true,"href":"https:\/\/clunyportugal.com\/ppsjc\/wp-json\/wp\/v2\/users\/1"}],"replies":[{"embeddable":true,"href":"https:\/\/clunyportugal.com\/ppsjc\/wp-json\/wp\/v2\/comments?post=2006"}],"version-history":[{"count":6,"href":"https:\/\/clunyportugal.com\/ppsjc\/wp-json\/wp\/v2\/posts\/2006\/revisions"}],"predecessor-version":[{"id":2025,"href":"https:\/\/clunyportugal.com\/ppsjc\/wp-json\/wp\/v2\/posts\/2006\/revisions\/2025"}],"wp:featuredmedia":[{"embeddable":true,"href":"https:\/\/clunyportugal.com\/ppsjc\/wp-json\/wp\/v2\/media\/2009"}],"wp:attachment":[{"href":"https:\/\/clunyportugal.com\/ppsjc\/wp-json\/wp\/v2\/media?parent=2006"}],"wp:term":[{"taxonomy":"category","embeddable":true,"href":"https:\/\/clunyportugal.com\/ppsjc\/wp-json\/wp\/v2\/categories?post=2006"},{"taxonomy":"post_tag","embeddable":true,"href":"https:\/\/clunyportugal.com\/ppsjc\/wp-json\/wp\/v2\/tags?post=2006"}],"curies":[{"name":"wp","href":"https:\/\/api.w.org\/{rel}","templated":true}]}}