{"id":1980,"date":"2024-01-26T22:25:10","date_gmt":"2024-01-26T22:25:10","guid":{"rendered":"https:\/\/clunyportugal.com\/ppsjc\/?p=1980"},"modified":"2024-03-02T18:34:58","modified_gmt":"2024-03-02T18:34:58","slug":"encontro-nacional-de-associados","status":"publish","type":"post","link":"https:\/\/clunyportugal.com\/ppsjc\/2024\/01\/26\/encontro-nacional-de-associados\/","title":{"rendered":"ENC. NACIONAL DE ASSOCIADOS"},"content":{"rendered":"\n<figure class=\"wp-block-image size-large is-resized\"><img loading=\"lazy\" decoding=\"async\" width=\"1024\" height=\"1024\" src=\"https:\/\/clunyportugal.com\/ppsjc\/wp-content\/uploads\/2024\/01\/simbolo_associados_transparente-1024x1024.png\" alt=\"\" class=\"wp-image-1981\" style=\"width:400px;height:auto\" srcset=\"https:\/\/clunyportugal.com\/ppsjc\/wp-content\/uploads\/2024\/01\/simbolo_associados_transparente-1024x1024.png 1024w, https:\/\/clunyportugal.com\/ppsjc\/wp-content\/uploads\/2024\/01\/simbolo_associados_transparente-300x300.png 300w, https:\/\/clunyportugal.com\/ppsjc\/wp-content\/uploads\/2024\/01\/simbolo_associados_transparente-150x150.png 150w, https:\/\/clunyportugal.com\/ppsjc\/wp-content\/uploads\/2024\/01\/simbolo_associados_transparente-768x768.png 768w, https:\/\/clunyportugal.com\/ppsjc\/wp-content\/uploads\/2024\/01\/simbolo_associados_transparente-53x53.png 53w, https:\/\/clunyportugal.com\/ppsjc\/wp-content\/uploads\/2024\/01\/simbolo_associados_transparente-570x570.png 570w, https:\/\/clunyportugal.com\/ppsjc\/wp-content\/uploads\/2024\/01\/simbolo_associados_transparente-380x380.png 380w, https:\/\/clunyportugal.com\/ppsjc\/wp-content\/uploads\/2024\/01\/simbolo_associados_transparente-285x285.png 285w, https:\/\/clunyportugal.com\/ppsjc\/wp-content\/uploads\/2024\/01\/simbolo_associados_transparente.png 1099w\" sizes=\"auto, (max-width: 1024px) 100vw, 1024px\" \/><\/figure>\n\n\n\n<h2 class=\"wp-block-heading has-black-color has-text-color has-link-color wp-elements-7fce3d006133e7a6395c6ba80a3de30c\">Os Associados Cluny em S\u00ednodo na Igreja!<\/h2>\n\n\n\n<p class=\"has-black-color has-text-color has-link-color wp-elements-8fd4c9d31dbf3bed8f9ab83e9924f7ca\">Os Associados vivem em Igreja!<br>E a lgreja est\u00e1 em S\u00ednodo\u2026 Caminha rumo \u00e0 Vontade do Pai! Tamb\u00e9m n\u00f3s, Associados, queremos caminhar rumo \u00e0 Vontade do Pai como o fez Ana Maria Javouhey durante a sua vida.<\/p>\n\n\n\n<h2 class=\"wp-block-heading has-black-color has-text-color has-link-color wp-elements-64ca05d567aef2469479b589ae760459\">O S\u00ednodo dos Bispos. A Igreja em caminho!<\/h2>\n\n\n\n<p class=\"has-black-color has-text-color has-link-color wp-elements-697bae0f0e4011e1e51208d518672a64\"><strong>D. Virg\u00edlio do Nascimento Antunes. Bispo de Coimbra<\/strong><\/p>\n\n\n\n<p class=\"has-black-color has-text-color has-link-color wp-elements-ae776b1e6b5be07a93932ccd2fb2e31d\">Para conhecemos melhor o s\u00ednodo dentro da Igreja, nada menor do que algu\u00e9m que esteve em Roma. no epicentro do S\u00ednodo. Ser\u00e1 tamb\u00e9m a melhor presen\u00e7a, plena do Espirito de Deus e da voz do Papa Francisco. Os seus desafios podem ser tamb\u00e9m os desafios para todos n\u00f3s, Associados&#8230;<\/p>\n\n\n\n<p><\/p>\n","protected":false},"excerpt":{"rendered":"<p>Os Associados Cluny em S\u00ednodo na Igreja! Os Associados vivem em Igreja!E a lgreja est\u00e1 em S\u00ednodo\u2026 Caminha rumo \u00e0 Vontade do Pai! Tamb\u00e9m n\u00f3s, Associados, queremos caminhar rumo \u00e0 Vontade do Pai como o fez Ana Maria Javouhey durante a sua vida. O S\u00ednodo dos Bispos. A Igreja em caminho! D. Virg\u00edlio do Nascimento [&hellip;]<\/p>\n<p class=\"more-link\"><a href=\"https:\/\/clunyportugal.com\/ppsjc\/2024\/01\/26\/encontro-nacional-de-associados\/\"  class=\"themebutton\">Read More<\/a><\/p>\n","protected":false},"author":1,"featured_media":1981,"comment_status":"closed","ping_status":"closed","sticky":false,"template":"","format":"standard","meta":{"footnotes":""},"categories":[1],"tags":[],"class_list":["post-1980","post","type-post","status-publish","format-standard","has-post-thumbnail","hentry","category-uncategorized"],"_links":{"self":[{"href":"https:\/\/clunyportugal.com\/ppsjc\/wp-json\/wp\/v2\/posts\/1980","targetHints":{"allow":["GET"]}}],"collection":[{"href":"https:\/\/clunyportugal.com\/ppsjc\/wp-json\/wp\/v2\/posts"}],"about":[{"href":"https:\/\/clunyportugal.com\/ppsjc\/wp-json\/wp\/v2\/types\/post"}],"author":[{"embeddable":true,"href":"https:\/\/clunyportugal.com\/ppsjc\/wp-json\/wp\/v2\/users\/1"}],"replies":[{"embeddable":true,"href":"https:\/\/clunyportugal.com\/ppsjc\/wp-json\/wp\/v2\/comments?post=1980"}],"version-history":[{"count":2,"href":"https:\/\/clunyportugal.com\/ppsjc\/wp-json\/wp\/v2\/posts\/1980\/revisions"}],"predecessor-version":[{"id":1998,"href":"https:\/\/clunyportugal.com\/ppsjc\/wp-json\/wp\/v2\/posts\/1980\/revisions\/1998"}],"wp:featuredmedia":[{"embeddable":true,"href":"https:\/\/clunyportugal.com\/ppsjc\/wp-json\/wp\/v2\/media\/1981"}],"wp:attachment":[{"href":"https:\/\/clunyportugal.com\/ppsjc\/wp-json\/wp\/v2\/media?parent=1980"}],"wp:term":[{"taxonomy":"category","embeddable":true,"href":"https:\/\/clunyportugal.com\/ppsjc\/wp-json\/wp\/v2\/categories?post=1980"},{"taxonomy":"post_tag","embeddable":true,"href":"https:\/\/clunyportugal.com\/ppsjc\/wp-json\/wp\/v2\/tags?post=1980"}],"curies":[{"name":"wp","href":"https:\/\/api.w.org\/{rel}","templated":true}]}}