{"id":1977,"date":"2024-01-26T22:09:22","date_gmt":"2024-01-26T22:09:22","guid":{"rendered":"https:\/\/clunyportugal.com\/ppsjc\/?p=1977"},"modified":"2024-01-26T22:09:27","modified_gmt":"2024-01-26T22:09:27","slug":"a-igreja-e-a-juventude","status":"publish","type":"post","link":"https:\/\/clunyportugal.com\/ppsjc\/2024\/01\/26\/a-igreja-e-a-juventude\/","title":{"rendered":"A IGREJA E A JUVENTUDE"},"content":{"rendered":"\n<h1 class=\"wp-block-heading has-black-color has-text-color has-link-color wp-elements-99daff9034a94bfde364ba1438d8eaa1\">Braga: Irm\u00e3s S\u00e3o Jos\u00e9 de Cluny promovem encontro sobre as pontes entre a Igreja e a juventude<\/h1>\n\n\n\n<figure class=\"wp-block-image size-full is-resized\"><img loading=\"lazy\" decoding=\"async\" width=\"900\" height=\"600\" src=\"https:\/\/clunyportugal.com\/ppsjc\/wp-content\/uploads\/2024\/01\/ColegioMissionarioIrmasSJoseClunyBraga.jpg\" alt=\"\" class=\"wp-image-1978\" style=\"width:733px;height:auto\" srcset=\"https:\/\/clunyportugal.com\/ppsjc\/wp-content\/uploads\/2024\/01\/ColegioMissionarioIrmasSJoseClunyBraga.jpg 900w, https:\/\/clunyportugal.com\/ppsjc\/wp-content\/uploads\/2024\/01\/ColegioMissionarioIrmasSJoseClunyBraga-300x200.jpg 300w, https:\/\/clunyportugal.com\/ppsjc\/wp-content\/uploads\/2024\/01\/ColegioMissionarioIrmasSJoseClunyBraga-768x512.jpg 768w, https:\/\/clunyportugal.com\/ppsjc\/wp-content\/uploads\/2024\/01\/ColegioMissionarioIrmasSJoseClunyBraga-570x380.jpg 570w, https:\/\/clunyportugal.com\/ppsjc\/wp-content\/uploads\/2024\/01\/ColegioMissionarioIrmasSJoseClunyBraga-380x254.jpg 380w, https:\/\/clunyportugal.com\/ppsjc\/wp-content\/uploads\/2024\/01\/ColegioMissionarioIrmasSJoseClunyBraga-285x190.jpg 285w\" sizes=\"auto, (max-width: 900px) 100vw, 900px\" \/><\/figure>\n\n\n\n<p class=\"has-black-color has-text-color has-link-color wp-elements-7ff3e5a08e050f1d63fceb0aa35f808e\">Braga, 24 jan 2024 (Ecclesia)<br>A Prov\u00edncia Portuguesa da Congrega\u00e7\u00e3o das Irm\u00e3s de S\u00e3o Jos\u00e9 de Cluny promove, dia 03 de fevereiro, um encontro sobre \u201cTra\u00e7ando caminhos de encontro: pontes entre a Igreja e a Juventude na complexidade do mundo moderno\u201d.<\/p>\n\n\n\n<p class=\"has-black-color has-text-color has-link-color wp-elements-6a85f51360f075c0922b363873a08601\">A iniciativa que vai decorrer no Col\u00e9gio Mission\u00e1rio das Irm\u00e3s S\u00e3o Jos\u00e9 Cluny, em Braga, e tem como orador o padre e professor Eduardo Duque, pretende explorar as din\u00e2micas entre a juventude portuguesa e a Igreja Cat\u00f3lica nos dias de hoje, real\u00e7a uma nota enviada \u00e0 Ag\u00eancia ECCLESIA.<\/p>\n\n\n\n<p class=\"has-black-color has-text-color has-link-color wp-elements-cf0d1d14b47608bbc310e37e1b0f06cd\">O primeiro tema, \u201cSociedade Contempor\u00e2nea\u201d, pretende lan\u00e7ar um olhar sobre o contexto atual em que os jovens e a Igreja coexistem, marcado por \u201cr\u00e1pidas mudan\u00e7as e desafios sociais\u201d.<\/p>\n\n\n\n<p class=\"has-black-color has-text-color has-link-color wp-elements-507bd70e4f1b68875c4c1521bbe7a6ff\">Segue-se uma an\u00e1lise sobre \u201cComo s\u00e3o os jovens portugueses\u201d, onde se vai procurar compreender as suas caracter\u00edsticas, aspira\u00e7\u00f5es e o modo como veem o mundo e a f\u00e9.<\/p>\n\n\n\n<p class=\"has-black-color has-text-color has-link-color wp-elements-e55aa43083fae9ddae1bb63e81be00e6\">O ponto alto da confer\u00eancia ser\u00e1 a reflex\u00e3o sobre os \u201cDesafios que os nossos jovens colocam \u00e0 Igreja\u201d.<\/p>\n\n\n\n<p class=\"has-black-color has-text-color has-link-color wp-elements-320788df0f4c99e69c93dd81e0a1f4b1\">Este t\u00f3pico proporciona uma perspetiva \u201caut\u00eantica e direta sobre como a Igreja pode responder \u00e0s suas necessidades e expectativas\u201d.<\/p>\n\n\n\n<p class=\"has-black-color has-text-color has-link-color wp-elements-8797c67df4cf27ce0dd916acaca7af85\">A confer\u00eancia prossegue com um t\u00f3pico sobre \u201cComo propor uma Igreja em Sa\u00edda\u201d onde se vai explorar a import\u00e2ncia de tornar a Igreja \u201cmais pr\u00f3xima, aberta e envolvente para os jovens, alinhando-a com os princ\u00edpios de uma abordagem sinodal\u201d.<\/p>\n\n\n\n<p class=\"has-black-color has-text-color has-link-color wp-elements-152a8f5a45baa831c804132e0e3ce302\">Finalmente, \u201cPistas para guiar os jovens para uma viv\u00eancia sinodal: caminhos para uma Igreja participativa e inclusiva\u201d ser\u00e1 o t\u00f3pico que oferece orienta\u00e7\u00f5es pr\u00e1ticas para integrar os jovens de forma \u201cmais ativa na vida da Igreja, promovendo uma comunidade inclusiva e participativa\u201d.<\/p>\n\n\n\n<p>Noticia completa em:<br><a href=\"https:\/\/agencia.ecclesia.pt\/portal\/events\/braga-irmas-sao-jose-de-cluny-promovem-encontro-sobre-as-pontes-entre-a-igreja-e-a-juventude\/\" target=\"_blank\" rel=\"noreferrer noopener\">ECCLESIA<\/a><\/p>\n","protected":false},"excerpt":{"rendered":"<p>Braga: Irm\u00e3s S\u00e3o Jos\u00e9 de Cluny promovem encontro sobre as pontes entre a Igreja e a juventude Braga, 24 jan 2024 (Ecclesia)A Prov\u00edncia Portuguesa da Congrega\u00e7\u00e3o das Irm\u00e3s de S\u00e3o Jos\u00e9 de Cluny promove, dia 03 de fevereiro, um encontro sobre \u201cTra\u00e7ando caminhos de encontro: pontes entre a Igreja e a Juventude na complexidade do [&hellip;]<\/p>\n<p class=\"more-link\"><a href=\"https:\/\/clunyportugal.com\/ppsjc\/2024\/01\/26\/a-igreja-e-a-juventude\/\"  class=\"themebutton\">Read More<\/a><\/p>\n","protected":false},"author":1,"featured_media":1978,"comment_status":"closed","ping_status":"closed","sticky":false,"template":"","format":"standard","meta":{"footnotes":""},"categories":[1],"tags":[],"class_list":["post-1977","post","type-post","status-publish","format-standard","has-post-thumbnail","hentry","category-uncategorized"],"_links":{"self":[{"href":"https:\/\/clunyportugal.com\/ppsjc\/wp-json\/wp\/v2\/posts\/1977","targetHints":{"allow":["GET"]}}],"collection":[{"href":"https:\/\/clunyportugal.com\/ppsjc\/wp-json\/wp\/v2\/posts"}],"about":[{"href":"https:\/\/clunyportugal.com\/ppsjc\/wp-json\/wp\/v2\/types\/post"}],"author":[{"embeddable":true,"href":"https:\/\/clunyportugal.com\/ppsjc\/wp-json\/wp\/v2\/users\/1"}],"replies":[{"embeddable":true,"href":"https:\/\/clunyportugal.com\/ppsjc\/wp-json\/wp\/v2\/comments?post=1977"}],"version-history":[{"count":1,"href":"https:\/\/clunyportugal.com\/ppsjc\/wp-json\/wp\/v2\/posts\/1977\/revisions"}],"predecessor-version":[{"id":1979,"href":"https:\/\/clunyportugal.com\/ppsjc\/wp-json\/wp\/v2\/posts\/1977\/revisions\/1979"}],"wp:featuredmedia":[{"embeddable":true,"href":"https:\/\/clunyportugal.com\/ppsjc\/wp-json\/wp\/v2\/media\/1978"}],"wp:attachment":[{"href":"https:\/\/clunyportugal.com\/ppsjc\/wp-json\/wp\/v2\/media?parent=1977"}],"wp:term":[{"taxonomy":"category","embeddable":true,"href":"https:\/\/clunyportugal.com\/ppsjc\/wp-json\/wp\/v2\/categories?post=1977"},{"taxonomy":"post_tag","embeddable":true,"href":"https:\/\/clunyportugal.com\/ppsjc\/wp-json\/wp\/v2\/tags?post=1977"}],"curies":[{"name":"wp","href":"https:\/\/api.w.org\/{rel}","templated":true}]}}