{"id":1961,"date":"2023-12-03T20:41:09","date_gmt":"2023-12-03T20:41:09","guid":{"rendered":"https:\/\/clunyportugal.com\/ppsjc\/?p=1961"},"modified":"2024-10-06T16:57:12","modified_gmt":"2024-10-06T16:57:12","slug":"plano-de-atividades23-24","status":"publish","type":"post","link":"https:\/\/clunyportugal.com\/ppsjc\/2023\/12\/03\/plano-de-atividades23-24\/","title":{"rendered":"PLANO DE ATIVIDADES&#8217;23\/24"},"content":{"rendered":"\n<figure class=\"wp-block-gallery has-nested-images columns-default is-cropped wp-block-gallery-1 is-layout-flex wp-block-gallery-is-layout-flex\">\n<figure class=\"wp-block-image size-large\"><a href=\"https:\/\/clunyportugal.com\/ppsjc\/wp-content\/uploads\/2023\/12\/flyer_encontros_frente.jpg\" target=\"_blank\" rel=\"noreferrer noopener\"><img loading=\"lazy\" decoding=\"async\" width=\"722\" height=\"1024\" data-id=\"1962\" src=\"https:\/\/clunyportugal.com\/ppsjc\/wp-content\/uploads\/2023\/12\/flyer_encontros_frente-722x1024.jpg\" alt=\"\" class=\"wp-image-1962\" srcset=\"https:\/\/clunyportugal.com\/ppsjc\/wp-content\/uploads\/2023\/12\/flyer_encontros_frente-722x1024.jpg 722w, https:\/\/clunyportugal.com\/ppsjc\/wp-content\/uploads\/2023\/12\/flyer_encontros_frente-211x300.jpg 211w, https:\/\/clunyportugal.com\/ppsjc\/wp-content\/uploads\/2023\/12\/flyer_encontros_frente-768x1090.jpg 768w, https:\/\/clunyportugal.com\/ppsjc\/wp-content\/uploads\/2023\/12\/flyer_encontros_frente-1083x1536.jpg 1083w, https:\/\/clunyportugal.com\/ppsjc\/wp-content\/uploads\/2023\/12\/flyer_encontros_frente-1444x2048.jpg 1444w, https:\/\/clunyportugal.com\/ppsjc\/wp-content\/uploads\/2023\/12\/flyer_encontros_frente.jpg 1748w\" sizes=\"auto, (max-width: 722px) 100vw, 722px\" \/><\/a><\/figure>\n\n\n\n<figure class=\"wp-block-image size-large\"><a href=\"https:\/\/clunyportugal.com\/ppsjc\/wp-content\/uploads\/2023\/12\/flyer_encontros_verso.jpg\" target=\"_blank\" rel=\"noreferrer noopener\"><img loading=\"lazy\" decoding=\"async\" width=\"722\" height=\"1024\" data-id=\"1963\" src=\"https:\/\/clunyportugal.com\/ppsjc\/wp-content\/uploads\/2023\/12\/flyer_encontros_verso-722x1024.jpg\" alt=\"\" class=\"wp-image-1963\" srcset=\"https:\/\/clunyportugal.com\/ppsjc\/wp-content\/uploads\/2023\/12\/flyer_encontros_verso-722x1024.jpg 722w, https:\/\/clunyportugal.com\/ppsjc\/wp-content\/uploads\/2023\/12\/flyer_encontros_verso-211x300.jpg 211w, https:\/\/clunyportugal.com\/ppsjc\/wp-content\/uploads\/2023\/12\/flyer_encontros_verso-768x1090.jpg 768w, https:\/\/clunyportugal.com\/ppsjc\/wp-content\/uploads\/2023\/12\/flyer_encontros_verso-1083x1536.jpg 1083w, https:\/\/clunyportugal.com\/ppsjc\/wp-content\/uploads\/2023\/12\/flyer_encontros_verso-1444x2048.jpg 1444w, https:\/\/clunyportugal.com\/ppsjc\/wp-content\/uploads\/2023\/12\/flyer_encontros_verso.jpg 1748w\" sizes=\"auto, (max-width: 722px) 100vw, 722px\" \/><\/a><\/figure>\n<\/figure>\n\n\n\n<p class=\"has-black-color has-text-color has-link-color wp-elements-ff03c63ff379c0f17f30040239c238ff\"><strong>01 de dezembro 2023<\/strong><br>Para quem sou eu?<br>Jovens dos 18-35 anos<br>Ponta Delgada<\/p>\n\n\n\n<p class=\"has-black-color has-text-color has-link-color wp-elements-b26010cf87985e5818d4c64af4726db5\"><strong>15-16 de dezembro<\/strong><br>Viver para qu\u00ea?<br>Jovens dos 15-20 anos<br>Coimbra<\/p>\n\n\n\n<p class=\"has-black-color has-text-color has-link-color wp-elements-7fbcf9326e433d4ac0d1a725e75046f7\"><strong>16 de dezembro<\/strong><br>Arriscas um dia de sil\u00eancio?<br>Encontra-Me.<br>Jovens dos 15-35 anos<br>F\u00e1tima<\/p>\n\n\n\n<p class=\"has-black-color has-text-color has-link-color wp-elements-5a79940efc33d0ce62d2bae0c5486d31\"><strong>13 de janeiro 2024<\/strong><br>&#8220;D\u00e1-me as Tuas Sand\u00e1lias\u201d<br>Jovens dos 15-18 anos<br>Braga<\/p>\n\n\n\n<p class=\"has-black-color has-text-color has-link-color wp-elements-9deceef84758a6c35a4b7f587122c5be\"><strong>20 de janeiro<\/strong><br>Retiro \u201cSil\u00eancio,<br>meio de alcan\u00e7ar o Sublime\u201d<br>Jovens dos 18-35 anos<br>Lisboa<\/p>\n\n\n\n<p class=\"has-black-color has-text-color has-link-color wp-elements-f53f5c7d6295af8ecac47a483aba524c\"><strong>26-27 de janeiro<\/strong><br>Encontro de Reflex\u00e3o<br>Jovens dos 17-25 anos<br>Anadia<\/p>\n\n\n\n<p class=\"has-black-color has-text-color has-link-color wp-elements-c18f2fdd17d98a834bfc45c700192b6d\"><strong>23-25 de fevereiro<\/strong><br>Exerc\u00edcios Espirituais\/Retiro<br>Jovens dos 18-35 anos<br>P. Ricardo Concei\u00e7\u00e3o<br>Torres Novas<\/p>\n\n\n\n<p class=\"has-black-color has-text-color has-link-color wp-elements-9fb60199dc47a7ac2f6e67ccecb81169\"><strong>17 de fevereiro<\/strong><br>Arriscas um dia de sil\u00eancio?<br>Fala-Me.<br>Jovens dos 18-35 anos<br>F\u00e1tima<\/p>\n\n\n\n<p class=\"has-black-color has-text-color has-link-color wp-elements-dd6816c1dbc6953327ab684fe2cd7a8d\"><strong>15-16 de mar\u00e7o<\/strong><br>Viver para qu\u00ea?<br>Jovens dos 15-20 anos<br>Coimbra<\/p>\n\n\n\n<p class=\"has-black-color has-text-color has-link-color wp-elements-47a1b53332a3e6d42b64916da47b9606\"><strong>16 de mar\u00e7o<\/strong><br>Retiro<br>Jovens dos 17-25 anos<br>Madeira<\/p>\n\n\n\n<p class=\"has-black-color has-text-color has-link-color wp-elements-e8adc41a8b07ebe17d39875ec1dc5e3c\"><strong>16 de mar\u00e7o<\/strong><br>Escutar como Maria<br>Jovens dos 16-25 anos<br>Torres Novas<\/p>\n\n\n\n<p class=\"has-black-color has-text-color has-link-color wp-elements-5831e103f0f719dd44385e9a9af04411\"><strong>23 de mar\u00e7o<\/strong><br>Um dia de Sil\u00eancio<br>ao lado do Mosteiro<br>Jovens dos 16-30 anos<br>Alcoba\u00e7a<\/p>\n\n\n\n<p class=\"has-black-color has-text-color has-link-color wp-elements-cb9951ffb279f687fc1ba8610a8b6a30\"><strong>23 de mar\u00e7o<\/strong><br>Retiro \u201cNo sil\u00eancio, escuta<br>o sussurro do Amor\u201d<br>Jovens dos 18-35 anos<br>Lisboa<\/p>\n\n\n\n<p class=\"has-black-color has-text-color has-link-color wp-elements-f5e84f4a9ac9fa0b1894c826fcd49d41\"><strong>13 de abril<\/strong><br>Arriscas um dia de sil\u00eancio?<br>Perscruta-Me.<br>Jovens dos 18-35 anos<br>F\u00e1tima<\/p>\n\n\n\n<p class=\"has-black-color has-text-color has-link-color wp-elements-1dbafe1cf9540f25a4ec36e352dcd5d5\"><strong>13 de abril<\/strong><br>Um dia na Congrega\u00e7\u00e3o<br>Mission\u00e1ria<br>Jovens dos 18-35 anos<br>Porto<\/p>\n\n\n\n<p class=\"has-black-color has-text-color has-link-color wp-elements-eb9334320039c000df1a8e23a9bcacf7\"><strong>24-25 de abril<\/strong><br>Viver para qu\u00ea?<br>Jovens dos 15-20 anos<br>Coimbra<\/p>\n\n\n\n<p class=\"has-black-color has-text-color has-link-color wp-elements-ea1dde69055be45977eab7edfd134b3a\"><strong>25-28 de abril<\/strong><br>Exerc\u00edcios Espirituais \/ Retiro<br>Jovens dos 18-35 anos<br>P. Miguel Melo SJ<br>Torres Novas<\/p>\n\n\n\n<p class=\"has-black-color has-text-color has-link-color wp-elements-9232d6c808ef1b46234048f255f8a319\"><strong>17 a 19 de maio<\/strong><br>Retiro de Sil\u00eancio<br>Jovens dos 16-30 anos<br>Alcoba\u00e7a<\/p>\n\n\n\n<p class=\"has-black-color has-text-color has-link-color wp-elements-715a6529d6daf994413b8198ce03469f\"><strong>25 de maio<\/strong><br>Peregrinos em caminho,<br>Estreito ao Cabo Gir\u00e3o<br>Jovens dos 18-30 anos<br>Madeira<\/p>\n\n\n\n<p class=\"has-black-color has-text-color has-link-color wp-elements-b75a1fe7cec98933670943f13ac061fe\"><strong>15 de junho<\/strong><br>Arriscas um dia de sil\u00eancio?<br>Segue-Me.<br>Jovens dos 18-35 anos<br>F\u00e1tima<\/p>\n\n\n\n<p class=\"has-black-color has-text-color has-link-color wp-elements-b61dea14539ac2ae9a388c358998cccc\"><strong>12-13 de julho<\/strong><br>Viver para qu\u00ea? Tempo de sil\u00eancio<br>para fazer op\u00e7\u00f5es (Retiro)<br>Jovens dos 15-20 anos<br>Coimbra<\/p>\n\n\n\n<p class=\"has-black-color has-text-color has-link-color wp-elements-4866008c8bc38ecf6dc2f486dea7be5d\"><strong>26-30 de julho<\/strong><br>Miss\u00e3o no \u201cp\u00e1tio\u201d de Maria,<br>subordinado ao tema:<br>\u00abFazei o que Ele vos disser\u00bb, (Jo 2,5)<br>Jovens dos 14-17 anos<br>F\u00e1tima<\/p>\n\n\n\n<p class=\"has-black-color has-text-color has-link-color wp-elements-674512d88b21099c54cdd24144cbabfe\"><strong>02-07 de agosto<\/strong><br>Miss\u00e3o \u201cad-intra\u201d,<br>\u00abide e convidai todos<br>para o banquete\u00bb, (Mt 22,9)<br>Jovens dos 18-35 anos<br>Torres Novas<\/p>\n\n\n\n<p class=\"has-black-color has-text-color has-link-color wp-elements-4be46803edadd84f021d9c0b283a82b2\"><strong>01-07 de setembro<\/strong><br>Peregrina\u00e7\u00e3o a Santiago<br>de Compostela,<br>\u00abcora\u00e7\u00f5es em Cristo,<br>p\u00e9s ao caminho\u00bb,<br>Jovens dos 18-35 anos<br>F\u00e1tima &#8211; Compostela<\/p>\n","protected":false},"excerpt":{"rendered":"<p>01 de dezembro 2023Para quem sou eu?Jovens dos 18-35 anosPonta Delgada 15-16 de dezembroViver para qu\u00ea?Jovens dos 15-20 anosCoimbra 16 de dezembroArriscas um dia de sil\u00eancio?Encontra-Me.Jovens dos 15-35 anosF\u00e1tima 13 de janeiro 2024&#8220;D\u00e1-me as Tuas Sand\u00e1lias\u201dJovens dos 15-18 anosBraga 20 de janeiroRetiro \u201cSil\u00eancio,meio de alcan\u00e7ar o Sublime\u201dJovens dos 18-35 anosLisboa 26-27 de janeiroEncontro de Reflex\u00e3oJovens [&hellip;]<\/p>\n<p class=\"more-link\"><a href=\"https:\/\/clunyportugal.com\/ppsjc\/2023\/12\/03\/plano-de-atividades23-24\/\"  class=\"themebutton\">Read More<\/a><\/p>\n","protected":false},"author":1,"featured_media":1962,"comment_status":"closed","ping_status":"closed","sticky":false,"template":"","format":"standard","meta":{"footnotes":""},"categories":[1],"tags":[],"class_list":["post-1961","post","type-post","status-publish","format-standard","has-post-thumbnail","hentry","category-uncategorized"],"_links":{"self":[{"href":"https:\/\/clunyportugal.com\/ppsjc\/wp-json\/wp\/v2\/posts\/1961","targetHints":{"allow":["GET"]}}],"collection":[{"href":"https:\/\/clunyportugal.com\/ppsjc\/wp-json\/wp\/v2\/posts"}],"about":[{"href":"https:\/\/clunyportugal.com\/ppsjc\/wp-json\/wp\/v2\/types\/post"}],"author":[{"embeddable":true,"href":"https:\/\/clunyportugal.com\/ppsjc\/wp-json\/wp\/v2\/users\/1"}],"replies":[{"embeddable":true,"href":"https:\/\/clunyportugal.com\/ppsjc\/wp-json\/wp\/v2\/comments?post=1961"}],"version-history":[{"count":1,"href":"https:\/\/clunyportugal.com\/ppsjc\/wp-json\/wp\/v2\/posts\/1961\/revisions"}],"predecessor-version":[{"id":1964,"href":"https:\/\/clunyportugal.com\/ppsjc\/wp-json\/wp\/v2\/posts\/1961\/revisions\/1964"}],"wp:featuredmedia":[{"embeddable":true,"href":"https:\/\/clunyportugal.com\/ppsjc\/wp-json\/wp\/v2\/media\/1962"}],"wp:attachment":[{"href":"https:\/\/clunyportugal.com\/ppsjc\/wp-json\/wp\/v2\/media?parent=1961"}],"wp:term":[{"taxonomy":"category","embeddable":true,"href":"https:\/\/clunyportugal.com\/ppsjc\/wp-json\/wp\/v2\/categories?post=1961"},{"taxonomy":"post_tag","embeddable":true,"href":"https:\/\/clunyportugal.com\/ppsjc\/wp-json\/wp\/v2\/tags?post=1961"}],"curies":[{"name":"wp","href":"https:\/\/api.w.org\/{rel}","templated":true}]}}