{"id":1767,"date":"2022-09-15T17:37:14","date_gmt":"2022-09-15T17:37:14","guid":{"rendered":"https:\/\/clunyportugal.com\/ppsjc\/?p=1767"},"modified":"2022-09-15T17:37:17","modified_gmt":"2022-09-15T17:37:17","slug":"centro-universitario-porto","status":"publish","type":"post","link":"https:\/\/clunyportugal.com\/ppsjc\/2022\/09\/15\/centro-universitario-porto\/","title":{"rendered":"CENTRO UNIVERSIT\u00c1RIO &#8211; PORTO"},"content":{"rendered":"\n<h2 class=\"wp-block-heading\">Ensino Superior: Centro universit\u00e1rio \u00abIn Manus Tuas\u00bb, no Porto, teve \u00abmaior procura de alojamento\u00bb e a casa est\u00e1 cheia.<\/h2>\n\n\n\n<figure class=\"wp-block-image size-large\"><img loading=\"lazy\" decoding=\"async\" width=\"1024\" height=\"659\" src=\"https:\/\/clunyportugal.com\/ppsjc\/wp-content\/uploads\/2022\/09\/lar-1024x659.jpg\" alt=\"\" class=\"wp-image-1768\" srcset=\"https:\/\/clunyportugal.com\/ppsjc\/wp-content\/uploads\/2022\/09\/lar-1024x659.jpg 1024w, https:\/\/clunyportugal.com\/ppsjc\/wp-content\/uploads\/2022\/09\/lar-300x193.jpg 300w, https:\/\/clunyportugal.com\/ppsjc\/wp-content\/uploads\/2022\/09\/lar-768x494.jpg 768w, https:\/\/clunyportugal.com\/ppsjc\/wp-content\/uploads\/2022\/09\/lar-1536x988.jpg 1536w, https:\/\/clunyportugal.com\/ppsjc\/wp-content\/uploads\/2022\/09\/lar.jpg 1555w\" sizes=\"auto, (max-width: 1024px) 100vw, 1024px\" \/><figcaption><a href=\"https:\/\/clunyportugal.com\/ppsjc\/lar-universitario-de-sjc\/\" target=\"_blank\" rel=\"noreferrer noopener\">Consulte as nossas instala\u00e7\u00f5es AQUI<\/a><\/figcaption><\/figure>\n\n\n\n<p><strong>Not\u00edcia: Ecclesia 14 set, 2022 dispon\u00edvel em<\/strong> <a href=\"https:\/\/agencia.ecclesia.pt\/portal\/ensino-superior-centro-universitario-in-manus-tuas-no-porto-teve-maior-procura-de-alojamento-e-a-casa-esta-cheia\/\" target=\"_blank\" rel=\"noreferrer noopener\">Ag\u00eancia Ecclesia<\/a><\/p>\n\n\n\n<p class=\"has-black-color has-text-color\">A irm\u00e3 T\u00e2nia Encarna\u00e7\u00e3o, Mission\u00e1ria de S\u00e3o Jos\u00e9 Cluny e respons\u00e1vel pelo Centro universit\u00e1rio \u2018In Manus Tuas\u2019, na Diocese do Porto, disse hoje \u00e0 Ag\u00eancia ECCLESIA que houve maior procura de alojamento, com lota\u00e7\u00e3o esgotada, apontando a necessidade de \u201cacolhimento e acompanhamento dos universit\u00e1rios\u201d.<\/p>\n\n\n\n<p class=\"has-black-color has-text-color\">\u201cEste ano houve uma maior procura na nossa resid\u00eancia, n\u00e3o com anteced\u00eancia, mas, ao contr\u00e1rio do que acontece noutros anos, nesta altura de in\u00edcio de ano acad\u00e9mico, a casa est\u00e1 cheia\u201d, disse a religiosa em declara\u00e7\u00f5es \u00e0 Ag\u00eancia ECCLESIA.<\/p>\n\n\n\n<p class=\"has-black-color has-text-color\">Neste in\u00edcio do ano acad\u00e9mico as quatro irm\u00e3s que ali residem, uma mo\u00e7ambicana e tr\u00eas portuguesas, tentam acolher quem chega e proporcionar um \u201cambiente familiar\u201d.<\/p>\n\n\n\n<p class=\"has-black-color has-text-color\">\u201cQueremos que todos os estudantes que aqui chegam se sintam acolhidos pelo que s\u00e3o e pelo que trazem, este ano temos jovens de Portugal, incluindo Madeira e A\u00e7ores, mas tamb\u00e9m de Timor, Angola, Mo\u00e7ambique, Arm\u00e9nia, Guin\u00e9, Cabo Verde e Equador, uma grande diversidade na casa que implica a nossa dimens\u00e3o mission\u00e1ria que tanto nos caracteriza\u201d, refere a religiosa.<\/p>\n\n\n\n<p class=\"has-black-color has-text-color\">A irm\u00e3 T\u00e2nia Encarna\u00e7\u00e3o explica que tentam que a resid\u00eancia seja uma \u201cextens\u00e3o ao espa\u00e7o familiar\u201d, oferecendo um \u201ccuidado acrescido\u201d com todos os jovens e, depois deste tempo de pandemia, ainda h\u00e1 maior necessidade de acompanhamento.<\/p>\n\n\n\n<blockquote class=\"wp-block-quote has-black-color has-text-color is-layout-flow wp-block-quote-is-layout-flow\"><p>Esta quest\u00e3o da pandemia trouxe uma diferen\u00e7a muito grande dos universit\u00e1rios, em resolver as suas dificuldades e problemas pessoais, e \u00e9 importante estar atentos e cuidar dos jovens que aqui chegam; al\u00e9m de os escutar, sentimos necessidade de os encaminhar para apoio psicol\u00f3gico, porque h\u00e1 quest\u00f5es muito graves e precisam de ajuda t\u00e9cnica\u201d.&nbsp;<\/p><\/blockquote>\n\n\n\n<p class=\"has-black-color has-text-color\">A mission\u00e1ria de S. Jos\u00e9 de Cluny indica mesmo que \u00e9 \u201calgo urgente e priorit\u00e1rio\u201d e que as religiosas tentam, \u201cna proximidade cuidado de cada um que ali reside\u201d.&nbsp;<\/p>\n\n\n\n<p class=\"has-black-color has-text-color\">O centro \u2018In Manus Tuas\u2019, inaugurado em 2016, tem capacidade de \u201c79 lugares, seja quartos individuais ou duplos\u201d, com v\u00e1rias val\u00eancias muito valorizadas pelos estudantes.&nbsp;<\/p>\n\n\n\n<p class=\"has-black-color has-text-color\">\u201cProporcionamos espa\u00e7o de lazer, de estudo e sala de conv\u00edvio, momentos de partilha, encontro, musica e ora\u00e7\u00e3o; a casa tem tamb\u00e9m espa\u00e7os no exterior, seja campo de t\u00e9nis ou o jardim, e permite a possibilidade de trazer outros estudante para estarem aqui, para estudarem juntos e se sentirem em espa\u00e7o familiar, de confian\u00e7a, conforto e amizade\u201d, assinala.<\/p>\n\n\n\n<p class=\"has-black-color has-text-color\">A religiosa adianta ainda que, para marcar o in\u00edcio do ano acad\u00e9mico na casa, est\u00e1 a ser preparado um \u201cmomento de festa\u201d.<\/p>\n\n\n\n<p class=\"has-black-color has-text-color\">\u201cAinda estamos a receber os residentes, a acolher, j\u00e1 sabemos que temos v\u00e1rios artistas na casa, seja de m\u00fasica ou outras artes, e queremos marcar um tempo de festa para que vejam que h\u00e1 espa\u00e7o para isso nesta casa\u201d, indica.<\/p>\n","protected":false},"excerpt":{"rendered":"<p>Ensino Superior: Centro universit\u00e1rio \u00abIn Manus Tuas\u00bb, no Porto, teve \u00abmaior procura de alojamento\u00bb e a casa est\u00e1 cheia. Not\u00edcia: Ecclesia 14 set, 2022 dispon\u00edvel em Ag\u00eancia Ecclesia A irm\u00e3 T\u00e2nia Encarna\u00e7\u00e3o, Mission\u00e1ria de S\u00e3o Jos\u00e9 Cluny e respons\u00e1vel pelo Centro universit\u00e1rio \u2018In Manus Tuas\u2019, na Diocese do Porto, disse hoje \u00e0 Ag\u00eancia ECCLESIA que [&hellip;]<\/p>\n<p class=\"more-link\"><a href=\"https:\/\/clunyportugal.com\/ppsjc\/2022\/09\/15\/centro-universitario-porto\/\"  class=\"themebutton\">Read More<\/a><\/p>\n","protected":false},"author":1,"featured_media":1768,"comment_status":"closed","ping_status":"closed","sticky":false,"template":"","format":"standard","meta":{"footnotes":""},"categories":[1],"tags":[],"class_list":["post-1767","post","type-post","status-publish","format-standard","has-post-thumbnail","hentry","category-uncategorized"],"_links":{"self":[{"href":"https:\/\/clunyportugal.com\/ppsjc\/wp-json\/wp\/v2\/posts\/1767","targetHints":{"allow":["GET"]}}],"collection":[{"href":"https:\/\/clunyportugal.com\/ppsjc\/wp-json\/wp\/v2\/posts"}],"about":[{"href":"https:\/\/clunyportugal.com\/ppsjc\/wp-json\/wp\/v2\/types\/post"}],"author":[{"embeddable":true,"href":"https:\/\/clunyportugal.com\/ppsjc\/wp-json\/wp\/v2\/users\/1"}],"replies":[{"embeddable":true,"href":"https:\/\/clunyportugal.com\/ppsjc\/wp-json\/wp\/v2\/comments?post=1767"}],"version-history":[{"count":1,"href":"https:\/\/clunyportugal.com\/ppsjc\/wp-json\/wp\/v2\/posts\/1767\/revisions"}],"predecessor-version":[{"id":1769,"href":"https:\/\/clunyportugal.com\/ppsjc\/wp-json\/wp\/v2\/posts\/1767\/revisions\/1769"}],"wp:featuredmedia":[{"embeddable":true,"href":"https:\/\/clunyportugal.com\/ppsjc\/wp-json\/wp\/v2\/media\/1768"}],"wp:attachment":[{"href":"https:\/\/clunyportugal.com\/ppsjc\/wp-json\/wp\/v2\/media?parent=1767"}],"wp:term":[{"taxonomy":"category","embeddable":true,"href":"https:\/\/clunyportugal.com\/ppsjc\/wp-json\/wp\/v2\/categories?post=1767"},{"taxonomy":"post_tag","embeddable":true,"href":"https:\/\/clunyportugal.com\/ppsjc\/wp-json\/wp\/v2\/tags?post=1767"}],"curies":[{"name":"wp","href":"https:\/\/api.w.org\/{rel}","templated":true}]}}