{"id":1747,"date":"2022-08-23T18:00:20","date_gmt":"2022-08-23T18:00:20","guid":{"rendered":"https:\/\/clunyportugal.com\/ppsjc\/?p=1747"},"modified":"2022-08-23T18:05:31","modified_gmt":"2022-08-23T18:05:31","slug":"congresso-missionario","status":"publish","type":"post","link":"https:\/\/clunyportugal.com\/ppsjc\/2022\/08\/23\/congresso-missionario\/","title":{"rendered":"CONGRESSO MISSION\u00c1RIO"},"content":{"rendered":"\n<h2 class=\"wp-block-heading\"><strong>Congresso Mission\u00e1rio &#8211; Fraternidade sem Fronteiras<\/strong><\/h2>\n\n\n\n<p class=\"has-black-color has-text-color\">Outubro dias&nbsp;<strong>14<\/strong>&nbsp;e&nbsp;<strong>15<\/strong>, na Universidade Cat\u00f3lica de Lisboa.<\/p>\n\n\n\n<p class=\"has-white-color has-cyan-bluish-gray-background-color has-text-color has-background\"><a href=\"https:\/\/conferenciaepiscopal.pt\/congressomissio22\/wp-content\/uploads\/2022\/07\/CongressoMissio22_Desdobravel.pdf\" target=\"_blank\" rel=\"noreferrer noopener\">PROGRAMA<\/a><\/p>\n\n\n\n<figure class=\"wp-block-image size-full\"><img loading=\"lazy\" decoding=\"async\" width=\"546\" height=\"392\" src=\"https:\/\/clunyportugal.com\/ppsjc\/wp-content\/uploads\/2022\/08\/fraternidade.png\" alt=\"\" class=\"wp-image-1748\" srcset=\"https:\/\/clunyportugal.com\/ppsjc\/wp-content\/uploads\/2022\/08\/fraternidade.png 546w, https:\/\/clunyportugal.com\/ppsjc\/wp-content\/uploads\/2022\/08\/fraternidade-300x215.png 300w\" sizes=\"auto, (max-width: 546px) 100vw, 546px\" \/><\/figure>\n\n\n\n<p class=\"has-black-color has-text-color\"><strong>14 de outubro de 2022<\/strong><\/p>\n\n\n\n<p class=\"has-black-color has-text-color\"><strong>Fraternidade sem Fronteiras e o Documento de Abu Dhabi<\/strong><br>Cardeal Miguel Angel Ayuso Guixot<\/p>\n\n\n\n<p class=\"has-black-color has-text-color\"><strong>A Fraternidade na Cultura do Di\u00e1logo<\/strong><br>Professora Maria Isabel Capeloa Gil<\/p>\n\n\n\n<p class=\"has-black-color has-text-color\"><strong>A Fraternidade na Pol\u00edtica, na Economia e no Modelo Social<\/strong><br>Dr. Guilherme d\u00b4Oliveira Martins<\/p>\n\n\n\n<p class=\"has-black-color has-text-color\">Perspetivas da Fraternidade sem Fronteiras<\/p>\n\n\n\n<p class=\"has-black-color has-text-color\"><strong>Painel 1<\/strong><br>Islamismo \u2013 Khalid Jamal<br>Juda\u00edsmo \u2013 Isaac Assor<br>Cristianismo \u2013 Pedro Gil<br>Moderador \u2013 Henrique Mota<\/p>\n\n\n\n<p class=\"has-black-color has-text-color\"><strong>15 de outubro de 2022<\/strong><\/p>\n\n\n\n<p class=\"has-black-color has-text-color\"><strong>Fraternidade e Miss\u00e3o<\/strong><br>D. Jos\u00e9 Ornelas Carvalho<\/p>\n\n\n\n<p class=\"has-black-color has-text-color\"><strong>Fraternidade no Di\u00e1logo Intercultural e Inter-religioso<\/strong><br>Dra. Diana de Vallescar Palanca<\/p>\n\n\n\n<p class=\"has-black-color has-text-color\"><strong>A Fraternidade e a Reconstru\u00e7\u00e3o da Esperan\u00e7a<\/strong><br>Cardeal Jos\u00e9 Tolentino Mendon\u00e7a<\/p>\n\n\n\n<p class=\"has-black-color has-text-color\">Perspetivas da Fraternidade sem Fronteiras<\/p>\n\n\n\n<p class=\"has-black-color has-text-color\"><strong>Painel 2<\/strong><br>Hindu\u00edsmo \u2013 Shiv Kumar Singh<br>Budismo \u2013 Paulo Borges<br>Catolicismo \u2013 Pedro Vaz Patto<br>Moderador \u2013 Adelino Ascenso<\/p>\n\n\n\n<p class=\"has-black-color has-text-color\">Ser\u00e1 presencial e via On-line.<br><strong>Inscri\u00e7\u00e3o:<\/strong> <a rel=\"noreferrer noopener\" href=\"http:\/\/www.conferenciaepiscopal.pt\/congressomissio22\" target=\"_blank\">www.conferenciaepiscopal.pt\/congressomissio22<\/a><\/p>\n","protected":false},"excerpt":{"rendered":"<p>Congresso Mission\u00e1rio &#8211; Fraternidade sem Fronteiras Outubro dias&nbsp;14&nbsp;e&nbsp;15, na Universidade Cat\u00f3lica de Lisboa. PROGRAMA 14 de outubro de 2022 Fraternidade sem Fronteiras e o Documento de Abu DhabiCardeal Miguel Angel Ayuso Guixot A Fraternidade na Cultura do Di\u00e1logoProfessora Maria Isabel Capeloa Gil A Fraternidade na Pol\u00edtica, na Economia e no Modelo SocialDr. Guilherme d\u00b4Oliveira Martins [&hellip;]<\/p>\n<p class=\"more-link\"><a href=\"https:\/\/clunyportugal.com\/ppsjc\/2022\/08\/23\/congresso-missionario\/\"  class=\"themebutton\">Read More<\/a><\/p>\n","protected":false},"author":1,"featured_media":1748,"comment_status":"closed","ping_status":"closed","sticky":false,"template":"","format":"standard","meta":{"footnotes":""},"categories":[1],"tags":[],"class_list":["post-1747","post","type-post","status-publish","format-standard","has-post-thumbnail","hentry","category-uncategorized"],"_links":{"self":[{"href":"https:\/\/clunyportugal.com\/ppsjc\/wp-json\/wp\/v2\/posts\/1747","targetHints":{"allow":["GET"]}}],"collection":[{"href":"https:\/\/clunyportugal.com\/ppsjc\/wp-json\/wp\/v2\/posts"}],"about":[{"href":"https:\/\/clunyportugal.com\/ppsjc\/wp-json\/wp\/v2\/types\/post"}],"author":[{"embeddable":true,"href":"https:\/\/clunyportugal.com\/ppsjc\/wp-json\/wp\/v2\/users\/1"}],"replies":[{"embeddable":true,"href":"https:\/\/clunyportugal.com\/ppsjc\/wp-json\/wp\/v2\/comments?post=1747"}],"version-history":[{"count":4,"href":"https:\/\/clunyportugal.com\/ppsjc\/wp-json\/wp\/v2\/posts\/1747\/revisions"}],"predecessor-version":[{"id":1755,"href":"https:\/\/clunyportugal.com\/ppsjc\/wp-json\/wp\/v2\/posts\/1747\/revisions\/1755"}],"wp:featuredmedia":[{"embeddable":true,"href":"https:\/\/clunyportugal.com\/ppsjc\/wp-json\/wp\/v2\/media\/1748"}],"wp:attachment":[{"href":"https:\/\/clunyportugal.com\/ppsjc\/wp-json\/wp\/v2\/media?parent=1747"}],"wp:term":[{"taxonomy":"category","embeddable":true,"href":"https:\/\/clunyportugal.com\/ppsjc\/wp-json\/wp\/v2\/categories?post=1747"},{"taxonomy":"post_tag","embeddable":true,"href":"https:\/\/clunyportugal.com\/ppsjc\/wp-json\/wp\/v2\/tags?post=1747"}],"curies":[{"name":"wp","href":"https:\/\/api.w.org\/{rel}","templated":true}]}}