{"id":1661,"date":"2022-05-15T18:28:51","date_gmt":"2022-05-15T18:28:51","guid":{"rendered":"https:\/\/clunyportugal.com\/ppsjc\/?p=1661"},"modified":"2022-05-15T18:29:40","modified_gmt":"2022-05-15T18:29:40","slug":"iii-noite-cluny-2","status":"publish","type":"post","link":"https:\/\/clunyportugal.com\/ppsjc\/2022\/05\/15\/iii-noite-cluny-2\/","title":{"rendered":"III NOITE CLUNY"},"content":{"rendered":"\n<h2 class=\"wp-block-heading\">Vem a\u00ed mais uma Noite Cluny! A III edi\u00e7\u00e3o!<\/h2>\n\n\n\n<figure class=\"wp-block-image size-full\"><a href=\"https:\/\/us02web.zoom.us\/j\/81107210505?pwd=bjYrWG5LcG1HM0pjUlVTQzVrRnZIQT09\" target=\"_blank\" rel=\"noopener\"><img loading=\"lazy\" decoding=\"async\" width=\"638\" height=\"850\" src=\"https:\/\/clunyportugal.com\/ppsjc\/wp-content\/uploads\/2022\/05\/III_NOITE_CLUNY.png\" alt=\"\" class=\"wp-image-1663\" srcset=\"https:\/\/clunyportugal.com\/ppsjc\/wp-content\/uploads\/2022\/05\/III_NOITE_CLUNY.png 638w, https:\/\/clunyportugal.com\/ppsjc\/wp-content\/uploads\/2022\/05\/III_NOITE_CLUNY-225x300.png 225w\" sizes=\"auto, (max-width: 638px) 100vw, 638px\" \/><\/a><\/figure>\n\n\n\n<p class=\"has-black-color has-text-color\">Esta com um sabor muito especial: cheia de cor, de m\u00fasica, de rostos e de muitos jovens comprometidos! <br>Cheia de JMJ!\u00a0<br>A pr\u00f3xima Jornada Mundial da Juventude em Lisboa promete juntar o maior n\u00famero de novos e menos novos ! Um verdadeiro caminho entre todos!<br>Se desejas saber mais sobre o grande evento, que trar\u00e1 a Portugal jovens de todo o mundo, n\u00e3o fiques a descodificar as siglas, \u00e9 s\u00f3 clicar sobre o link e tudo se revelar\u00e1!<br><\/p>\n\n\n\n<p class=\"has-black-color has-text-color\">Dia 20 de Maio, \u00e0s 21h, na plataforma Zoom, no seguinte link:<br><a rel=\"noreferrer noopener\" href=\"https:\/\/us02web.zoom.us\/j\/81107210505?pwd=bjYrWG5LcG1HM0pjUlVTQzVrRnZIQT09\" target=\"_blank\">III NOITE CLUNY<\/a><br>ID da reuni\u00e3o: 811 0721 0505<br>CLUNY<\/p>\n\n\n\n<p class=\"has-black-color has-text-color\">\u201cTodos v\u00e3o ouvir a nossa voz, levantemos os bra\u00e7os, H\u00c1 PRESSA NO AR!!\u201d<\/p>\n","protected":false},"excerpt":{"rendered":"<p>Vem a\u00ed mais uma Noite Cluny! A III edi\u00e7\u00e3o! Esta com um sabor muito especial: cheia de cor, de m\u00fasica, de rostos e de muitos jovens comprometidos! Cheia de JMJ!\u00a0A pr\u00f3xima Jornada Mundial da Juventude em Lisboa promete juntar o maior n\u00famero de novos e menos novos ! Um verdadeiro caminho entre todos!Se desejas saber [&hellip;]<\/p>\n<p class=\"more-link\"><a href=\"https:\/\/clunyportugal.com\/ppsjc\/2022\/05\/15\/iii-noite-cluny-2\/\"  class=\"themebutton\">Read More<\/a><\/p>\n","protected":false},"author":1,"featured_media":1663,"comment_status":"closed","ping_status":"closed","sticky":false,"template":"","format":"standard","meta":{"footnotes":""},"categories":[1],"tags":[],"class_list":["post-1661","post","type-post","status-publish","format-standard","has-post-thumbnail","hentry","category-uncategorized"],"_links":{"self":[{"href":"https:\/\/clunyportugal.com\/ppsjc\/wp-json\/wp\/v2\/posts\/1661","targetHints":{"allow":["GET"]}}],"collection":[{"href":"https:\/\/clunyportugal.com\/ppsjc\/wp-json\/wp\/v2\/posts"}],"about":[{"href":"https:\/\/clunyportugal.com\/ppsjc\/wp-json\/wp\/v2\/types\/post"}],"author":[{"embeddable":true,"href":"https:\/\/clunyportugal.com\/ppsjc\/wp-json\/wp\/v2\/users\/1"}],"replies":[{"embeddable":true,"href":"https:\/\/clunyportugal.com\/ppsjc\/wp-json\/wp\/v2\/comments?post=1661"}],"version-history":[{"count":3,"href":"https:\/\/clunyportugal.com\/ppsjc\/wp-json\/wp\/v2\/posts\/1661\/revisions"}],"predecessor-version":[{"id":1666,"href":"https:\/\/clunyportugal.com\/ppsjc\/wp-json\/wp\/v2\/posts\/1661\/revisions\/1666"}],"wp:featuredmedia":[{"embeddable":true,"href":"https:\/\/clunyportugal.com\/ppsjc\/wp-json\/wp\/v2\/media\/1663"}],"wp:attachment":[{"href":"https:\/\/clunyportugal.com\/ppsjc\/wp-json\/wp\/v2\/media?parent=1661"}],"wp:term":[{"taxonomy":"category","embeddable":true,"href":"https:\/\/clunyportugal.com\/ppsjc\/wp-json\/wp\/v2\/categories?post=1661"},{"taxonomy":"post_tag","embeddable":true,"href":"https:\/\/clunyportugal.com\/ppsjc\/wp-json\/wp\/v2\/tags?post=1661"}],"curies":[{"name":"wp","href":"https:\/\/api.w.org\/{rel}","templated":true}]}}