{"id":1655,"date":"2022-05-11T10:22:41","date_gmt":"2022-05-11T10:22:41","guid":{"rendered":"https:\/\/clunyportugal.com\/ppsjc\/?p=1655"},"modified":"2022-05-11T10:23:14","modified_gmt":"2022-05-11T10:23:14","slug":"1655","status":"publish","type":"post","link":"https:\/\/clunyportugal.com\/ppsjc\/2022\/05\/11\/1655\/","title":{"rendered":"PR\u00c9MIO VALOR E EXCEL\u00caNCIA"},"content":{"rendered":"\n<h2 class=\"wp-block-heading\">\ud835\uddd8\ud835\uddfb\ud835\uddf3\ud835\uddf2\ud835\uddff\ud835\uddfa\ud835\uddf2\ud835\uddf6\ud835\uddff\ud835\uddee \ud835\udde0\ud835\uddf2\ud835\uddffi\ud835\uddf0\ud835\uddf6\ud835\uddee \ud835\uddd5\ud835\uddf2\ud835\ude01\ud835\ude01\ud835\uddf2\ud835\uddfb\ud835\uddf0\ud835\uddfc\ud835\ude02\ud835\uddff\ud835\ude01 \ud835\uddf5\ud835\uddfc\ud835\uddfa\ud835\uddf2\ud835\uddfb\ud835\uddee\ud835\uddf4\ud835\uddf2\ud835\uddee\ud835\uddf1\ud835\uddee \ud835\uddf0\ud835\uddfc\ud835\uddfa \ud835\udde3\ud835\uddff\ud835\uddf2\u0301\ud835\uddfa\ud835\uddf6\ud835\uddfc \ud835\udde9\ud835\uddee\ud835\uddf9\ud835\uddfc\ud835\uddff \ud835\uddf2 \ud835\uddd8\ud835\ude05\ud835\uddf0\ud835\uddf2\ud835\uddf9\ud835\uddf2\u0302\ud835\uddfb\ud835\uddf0\ud835\uddf6\ud835\uddee \ud835\uddf1\ud835\uddee \ud835\udde2\ud835\uddff\ud835\uddf1\ud835\uddf2\ud835\uddfa \ud835\uddf1\ud835\uddfc\ud835\ude00 \ud835\uddd8\ud835\uddfb\ud835\uddf3\ud835\uddf2\ud835\uddff\ud835\uddfa\ud835\uddf2\ud835\uddf6\ud835\uddff\ud835\uddfc\ud835\ude00<\/h2>\n\n\n\n<p class=\"has-black-color has-text-color\">A Enfermeira <a href=\"https:\/\/www.facebook.com\/mericia.bettencourt.5?__cft__[0]=AZV1fw9rIxj-cR4ZGjJNIKm1Fzt8WWetMLioyV2L-tG_5nqffWIhIrl8FwPIzQy8QyP2We0DDaUvhQzSsky90muC4LqzDs8OONLWCwj3hLHaBXW7vcELlQuk6UHQIQN8DciWn6QamvFUGLE0BXVBYaqWUC8gvyMKmpF0zSEw3bsQ0Q&amp;__tn__=-]K-y-R\">Mericia Bettencourt<\/a> foi hoje distinguida no VI Congresso dos Enfermeiros, com o Pr\u00e9mio Valor e Excel\u00eancia, na categoria de Doc\u00eancia, pelo importante papel que tem assumido na doc\u00eancia, na forma\u00e7\u00e3o e investiga\u00e7\u00e3o, bem como pelo contributo na afirma\u00e7\u00e3o da profiss\u00e3o de Enfermagem, no Arquip\u00e9lago da Madeira.<\/p>\n\n\n\n<p class=\"has-black-color has-text-color\">De forte personalidade, grande sentido de justi\u00e7a, e uma vincula\u00e7\u00e3o \u00edmpar, tem um ineg\u00e1vel percurso e contributo de uma vida, dedicada ao fortalecimento da Enfermagem e a Sa\u00fade na Regi\u00e3o Aut\u00f3noma da Madeira.<\/p>\n\n\n\n<p class=\"has-black-color has-text-color\">A Sec\u00e7\u00e3o Regional da Madeira da OE, de forma sincera, agradece o percurso, trabalho e entrega de uma vida dedicada ao ensino e \u00e0 profiss\u00e3o, contribuindo para a forma\u00e7\u00e3o de milhares de enfermeiros e dessa forma contribuindo ativamente para a sa\u00fade de toda a popula\u00e7\u00e3o madeirense. Bem-haja!<\/p>\n\n\n\n<p class=\"has-black-color has-text-color\">+Info: <a rel=\"noreferrer noopener\" href=\"https:\/\/www.ordemenfermeiros.pt\/madeira\/not%C3%ADcias\/conteudos\/enfermeira-mer%C3%ADcia-bettencourt-homenageada-com-pr%C3%A9mio-valor-e-excel%C3%AAncia\/?fbclid=IwAR1q3SvshG2zdbuUhmCLmF33Pj-qi0th2Btc2NocWPlkeuOa939S99BEl2g\" target=\"_blank\">https:\/\/www.ordemenfermeiros.pt\/&#8230;\/enfermeira-mer%C3&#8230;\/<\/a><\/p>\n\n\n\n<figure class=\"wp-block-gallery has-nested-images columns-default is-cropped wp-block-gallery-1 is-layout-flex wp-block-gallery-is-layout-flex\">\n<figure class=\"wp-block-image size-large\"><img loading=\"lazy\" decoding=\"async\" width=\"1024\" height=\"768\" data-id=\"1656\" src=\"https:\/\/clunyportugal.com\/ppsjc\/wp-content\/uploads\/2022\/05\/Enf1.jpg\" alt=\"\" class=\"wp-image-1656\" srcset=\"https:\/\/clunyportugal.com\/ppsjc\/wp-content\/uploads\/2022\/05\/Enf1.jpg 1024w, https:\/\/clunyportugal.com\/ppsjc\/wp-content\/uploads\/2022\/05\/Enf1-300x225.jpg 300w, https:\/\/clunyportugal.com\/ppsjc\/wp-content\/uploads\/2022\/05\/Enf1-768x576.jpg 768w, https:\/\/clunyportugal.com\/ppsjc\/wp-content\/uploads\/2022\/05\/Enf1-380x285.jpg 380w, https:\/\/clunyportugal.com\/ppsjc\/wp-content\/uploads\/2022\/05\/Enf1-285x214.jpg 285w\" sizes=\"auto, (max-width: 1024px) 100vw, 1024px\" \/><\/figure>\n\n\n\n<figure class=\"wp-block-image size-large\"><img loading=\"lazy\" decoding=\"async\" width=\"1024\" height=\"768\" data-id=\"1657\" src=\"https:\/\/clunyportugal.com\/ppsjc\/wp-content\/uploads\/2022\/05\/Enf2.jpg\" alt=\"\" class=\"wp-image-1657\" srcset=\"https:\/\/clunyportugal.com\/ppsjc\/wp-content\/uploads\/2022\/05\/Enf2.jpg 1024w, https:\/\/clunyportugal.com\/ppsjc\/wp-content\/uploads\/2022\/05\/Enf2-300x225.jpg 300w, https:\/\/clunyportugal.com\/ppsjc\/wp-content\/uploads\/2022\/05\/Enf2-768x576.jpg 768w, https:\/\/clunyportugal.com\/ppsjc\/wp-content\/uploads\/2022\/05\/Enf2-380x285.jpg 380w, https:\/\/clunyportugal.com\/ppsjc\/wp-content\/uploads\/2022\/05\/Enf2-285x214.jpg 285w\" sizes=\"auto, (max-width: 1024px) 100vw, 1024px\" \/><\/figure>\n<\/figure>\n","protected":false},"excerpt":{"rendered":"<p>\ud835\uddd8\ud835\uddfb\ud835\uddf3\ud835\uddf2\ud835\uddff\ud835\uddfa\ud835\uddf2\ud835\uddf6\ud835\uddff\ud835\uddee \ud835\udde0\ud835\uddf2\ud835\uddffi\ud835\uddf0\ud835\uddf6\ud835\uddee \ud835\uddd5\ud835\uddf2\ud835\ude01\ud835\ude01\ud835\uddf2\ud835\uddfb\ud835\uddf0\ud835\uddfc\ud835\ude02\ud835\uddff\ud835\ude01 \ud835\uddf5\ud835\uddfc\ud835\uddfa\ud835\uddf2\ud835\uddfb\ud835\uddee\ud835\uddf4\ud835\uddf2\ud835\uddee\ud835\uddf1\ud835\uddee \ud835\uddf0\ud835\uddfc\ud835\uddfa \ud835\udde3\ud835\uddff\ud835\uddf2\u0301\ud835\uddfa\ud835\uddf6\ud835\uddfc \ud835\udde9\ud835\uddee\ud835\uddf9\ud835\uddfc\ud835\uddff \ud835\uddf2 \ud835\uddd8\ud835\ude05\ud835\uddf0\ud835\uddf2\ud835\uddf9\ud835\uddf2\u0302\ud835\uddfb\ud835\uddf0\ud835\uddf6\ud835\uddee \ud835\uddf1\ud835\uddee \ud835\udde2\ud835\uddff\ud835\uddf1\ud835\uddf2\ud835\uddfa \ud835\uddf1\ud835\uddfc\ud835\ude00 \ud835\uddd8\ud835\uddfb\ud835\uddf3\ud835\uddf2\ud835\uddff\ud835\uddfa\ud835\uddf2\ud835\uddf6\ud835\uddff\ud835\uddfc\ud835\ude00 A Enfermeira Mericia Bettencourt foi hoje distinguida no VI Congresso dos Enfermeiros, com o Pr\u00e9mio Valor e Excel\u00eancia, na categoria de Doc\u00eancia, pelo importante papel que tem assumido na doc\u00eancia, na forma\u00e7\u00e3o e investiga\u00e7\u00e3o, bem como pelo contributo na afirma\u00e7\u00e3o da profiss\u00e3o [&hellip;]<\/p>\n<p class=\"more-link\"><a href=\"https:\/\/clunyportugal.com\/ppsjc\/2022\/05\/11\/1655\/\"  class=\"themebutton\">Read More<\/a><\/p>\n","protected":false},"author":1,"featured_media":1656,"comment_status":"closed","ping_status":"closed","sticky":false,"template":"","format":"standard","meta":{"footnotes":""},"categories":[1],"tags":[],"class_list":["post-1655","post","type-post","status-publish","format-standard","has-post-thumbnail","hentry","category-uncategorized"],"_links":{"self":[{"href":"https:\/\/clunyportugal.com\/ppsjc\/wp-json\/wp\/v2\/posts\/1655","targetHints":{"allow":["GET"]}}],"collection":[{"href":"https:\/\/clunyportugal.com\/ppsjc\/wp-json\/wp\/v2\/posts"}],"about":[{"href":"https:\/\/clunyportugal.com\/ppsjc\/wp-json\/wp\/v2\/types\/post"}],"author":[{"embeddable":true,"href":"https:\/\/clunyportugal.com\/ppsjc\/wp-json\/wp\/v2\/users\/1"}],"replies":[{"embeddable":true,"href":"https:\/\/clunyportugal.com\/ppsjc\/wp-json\/wp\/v2\/comments?post=1655"}],"version-history":[{"count":3,"href":"https:\/\/clunyportugal.com\/ppsjc\/wp-json\/wp\/v2\/posts\/1655\/revisions"}],"predecessor-version":[{"id":1660,"href":"https:\/\/clunyportugal.com\/ppsjc\/wp-json\/wp\/v2\/posts\/1655\/revisions\/1660"}],"wp:featuredmedia":[{"embeddable":true,"href":"https:\/\/clunyportugal.com\/ppsjc\/wp-json\/wp\/v2\/media\/1656"}],"wp:attachment":[{"href":"https:\/\/clunyportugal.com\/ppsjc\/wp-json\/wp\/v2\/media?parent=1655"}],"wp:term":[{"taxonomy":"category","embeddable":true,"href":"https:\/\/clunyportugal.com\/ppsjc\/wp-json\/wp\/v2\/categories?post=1655"},{"taxonomy":"post_tag","embeddable":true,"href":"https:\/\/clunyportugal.com\/ppsjc\/wp-json\/wp\/v2\/tags?post=1655"}],"curies":[{"name":"wp","href":"https:\/\/api.w.org\/{rel}","templated":true}]}}