{"id":1635,"date":"2022-03-27T21:14:52","date_gmt":"2022-03-27T21:14:52","guid":{"rendered":"https:\/\/clunyportugal.com\/ppsjc\/?p=1635"},"modified":"2022-03-27T21:14:54","modified_gmt":"2022-03-27T21:14:54","slug":"100-arvores-pela-ppsjc","status":"publish","type":"post","link":"https:\/\/clunyportugal.com\/ppsjc\/2022\/03\/27\/100-arvores-pela-ppsjc\/","title":{"rendered":"100 \u00c1RVORES pela PPSJC"},"content":{"rendered":"\n<h2 class=\"wp-block-heading\">100 \u00c1RVORES pela presen\u00e7a da Congrega\u00e7\u00e3o das Irm\u00e3s de S. Jos\u00e9 de Cluny em Portugal<\/h2>\n\n\n\n<figure class=\"wp-block-image size-full\"><img loading=\"lazy\" decoding=\"async\" width=\"567\" height=\"390\" src=\"https:\/\/clunyportugal.com\/ppsjc\/wp-content\/uploads\/2022\/03\/arvores-1.png\" alt=\"\" class=\"wp-image-1637\" srcset=\"https:\/\/clunyportugal.com\/ppsjc\/wp-content\/uploads\/2022\/03\/arvores-1.png 567w, https:\/\/clunyportugal.com\/ppsjc\/wp-content\/uploads\/2022\/03\/arvores-1-300x206.png 300w\" sizes=\"auto, (max-width: 567px) 100vw, 567px\" \/><\/figure>\n\n\n\n<p class=\"has-black-color has-text-color\">Noticia <a href=\"https:\/\/www.facebook.com\/jornaldabairrada\/?__tn__=-UC\"><strong>Jornal da Bairrada<\/strong><\/a><\/p>\n\n\n\n<p class=\"has-black-color has-text-color\">A planta\u00e7\u00e3o de 100 \u00e1rvores, que agora fazem parte do Bosque do Centen\u00e1rio, marca o in\u00edcio das comemora\u00e7\u00f5es dos 100 anos da presen\u00e7a da Congrega\u00e7\u00e3o das Irm\u00e3s de S. Jos\u00e9 de Cluny em Portugal e em particular em Famalic\u00e3o, Anadia.<\/p>\n\n\n\n<p class=\"has-black-color has-text-color\">Neste Dia de S. Jos\u00e9, dia do Pai, pais e filhos participaram numa manh\u00e3 l\u00fadica, de uni\u00e3o e alegria, honrando o esp\u00edrito e os valores da Congrega\u00e7\u00e3o, de que fazem parte o Centro Social S. Jos\u00e9 de Cluny e o Col\u00e9gio de Nossa Senhora da Assun\u00e7\u00e3o.Na pr\u00f3xima edi\u00e7\u00e3o do JB, contamos toda a hist\u00f3ria deste centen\u00e1rio.<\/p>\n\n\n\n<p class=\"has-black-color has-text-color\"><a href=\"https:\/\/www.facebook.com\/watch\/?v=1043170399569815\" target=\"_blank\" rel=\"noreferrer noopener\">ASSISTA AQUI AO V\u00cdDEO<\/a><\/p>\n","protected":false},"excerpt":{"rendered":"<p>100 \u00c1RVORES pela presen\u00e7a da Congrega\u00e7\u00e3o das Irm\u00e3s de S. Jos\u00e9 de Cluny em Portugal Noticia Jornal da Bairrada A planta\u00e7\u00e3o de 100 \u00e1rvores, que agora fazem parte do Bosque do Centen\u00e1rio, marca o in\u00edcio das comemora\u00e7\u00f5es dos 100 anos da presen\u00e7a da Congrega\u00e7\u00e3o das Irm\u00e3s de S. Jos\u00e9 de Cluny em Portugal e em [&hellip;]<\/p>\n<p class=\"more-link\"><a href=\"https:\/\/clunyportugal.com\/ppsjc\/2022\/03\/27\/100-arvores-pela-ppsjc\/\"  class=\"themebutton\">Read More<\/a><\/p>\n","protected":false},"author":1,"featured_media":1637,"comment_status":"closed","ping_status":"closed","sticky":false,"template":"","format":"standard","meta":{"footnotes":""},"categories":[1],"tags":[],"class_list":["post-1635","post","type-post","status-publish","format-standard","has-post-thumbnail","hentry","category-uncategorized"],"_links":{"self":[{"href":"https:\/\/clunyportugal.com\/ppsjc\/wp-json\/wp\/v2\/posts\/1635","targetHints":{"allow":["GET"]}}],"collection":[{"href":"https:\/\/clunyportugal.com\/ppsjc\/wp-json\/wp\/v2\/posts"}],"about":[{"href":"https:\/\/clunyportugal.com\/ppsjc\/wp-json\/wp\/v2\/types\/post"}],"author":[{"embeddable":true,"href":"https:\/\/clunyportugal.com\/ppsjc\/wp-json\/wp\/v2\/users\/1"}],"replies":[{"embeddable":true,"href":"https:\/\/clunyportugal.com\/ppsjc\/wp-json\/wp\/v2\/comments?post=1635"}],"version-history":[{"count":1,"href":"https:\/\/clunyportugal.com\/ppsjc\/wp-json\/wp\/v2\/posts\/1635\/revisions"}],"predecessor-version":[{"id":1638,"href":"https:\/\/clunyportugal.com\/ppsjc\/wp-json\/wp\/v2\/posts\/1635\/revisions\/1638"}],"wp:featuredmedia":[{"embeddable":true,"href":"https:\/\/clunyportugal.com\/ppsjc\/wp-json\/wp\/v2\/media\/1637"}],"wp:attachment":[{"href":"https:\/\/clunyportugal.com\/ppsjc\/wp-json\/wp\/v2\/media?parent=1635"}],"wp:term":[{"taxonomy":"category","embeddable":true,"href":"https:\/\/clunyportugal.com\/ppsjc\/wp-json\/wp\/v2\/categories?post=1635"},{"taxonomy":"post_tag","embeddable":true,"href":"https:\/\/clunyportugal.com\/ppsjc\/wp-json\/wp\/v2\/tags?post=1635"}],"curies":[{"name":"wp","href":"https:\/\/api.w.org\/{rel}","templated":true}]}}