{"id":1626,"date":"2022-03-27T20:47:12","date_gmt":"2022-03-27T20:47:12","guid":{"rendered":"https:\/\/clunyportugal.com\/ppsjc\/?p=1626"},"modified":"2022-03-27T21:04:37","modified_gmt":"2022-03-27T21:04:37","slug":"ii-edicao-da-noite-cluny","status":"publish","type":"post","link":"https:\/\/clunyportugal.com\/ppsjc\/2022\/03\/27\/ii-edicao-da-noite-cluny\/","title":{"rendered":"II EDI\u00c7\u00c3O DA NOITE CLUNY"},"content":{"rendered":"\n<h2 class=\"has-black-color has-text-color wp-block-heading\">Est\u00e1 de regresso as Noites Cluny na sua II Edi\u00e7\u00e3o e TODOS estamos convidados a tomar parte.<\/h2>\n\n\n\n<p class=\"has-black-color has-text-color\">A Congrega\u00e7\u00e3o das Irm\u00e3s de S. Jos\u00e9 de Cluny arranca dia 28 mar\u00e7o, \u00e0s 21h15m, no CIMT (Centro in Manus Tuas-Porto) com a II Noite Cluny, na sua II edi\u00e7\u00e3o.&nbsp;Encontro a decorrer presencialmente e online.<\/p>\n\n\n\n<p class=\"has-black-color has-text-color\"><strong><a href=\"https:\/\/zoom.us\/j\/99852026192?pwd=dXNEVHBmdW5aVm4zQlB2ZTVBOVd2QT09\">ASSISTA AQUI<\/a><\/strong><\/p>\n\n\n\n<p class=\"has-black-color has-text-color\">A primeira edi\u00e7\u00e3o aconteceu em tempo de pandemia com encontros mensais online, congregando a fam\u00edlia Cluny a n\u00edvel nacional e internacional, amigos, colaboradores, estudantes e Irm\u00e3s.&nbsp;<\/p>\n\n\n\n<p class=\"has-black-color has-text-color\">Divulgar e promover momentos de&nbsp;partilha, reflex\u00e3o e ora\u00e7\u00e3o \u00e0 volta da vida e dom de Ana Maria Javouhey \u00e0 Igreja, foi o objetivo que moveu a equipa da pastoral juvenil e vocacional das Irm\u00e3s S. Jos\u00e9 de Cluny.<\/p>\n\n\n\n<p class=\"has-black-color has-text-color\">Este ano inspiradas nos gritos e preocupa\u00e7\u00f5es de uma Igreja em renova\u00e7\u00e3o&nbsp;surgem temas da atualidade.<\/p>\n\n\n\n<p class=\"has-black-color has-text-color\">Desta vez, na sequ\u00eancia da caminhada sinodal convocada pelo Papa Francisco, surge uma conversa com os jovens universit\u00e1rios escutando-os o que pensam e sentem da Igreja,&nbsp;Hoje.<\/p>\n\n\n\n<p class=\"has-black-color has-text-color\">Com Ana Maria \u00e0 escuta da voz do Esp\u00edrito, em tempo sinodal \u00e9 o tema que congrega jovens desde os mais comprometidos aos mais afastados e outros de confiss\u00f5es religiosas, que ter\u00e3o muito a aportar \u00e0 nossa conversa.<\/p>\n\n\n\n<p class=\"has-black-color has-text-color\">A sinodalidade, esta forma de caminhar juntos, ser\u00e1 um desafio \u00e0 comunh\u00e3o verdadeira, participando cada um com os dons que tem, na miss\u00e3o de uma Igreja que se quer sinodal. N\u00e3o \u00e9 f\u00e1cil dizer ao mundo o que o Esp\u00edrito Santo fala ao cora\u00e7\u00e3o, por isso a noite promete ser de grande ESCUTA\u2026<\/p>\n\n\n\n<p class=\"has-black-color has-text-color\"><em>\u00ab\u2026a obra de benefic\u00eancia que Deus me confiou avan\u00e7a atrav\u00e9s de obst\u00e1culos e persegui\u00e7\u00f5es de todo o g\u00e9nero, mas com resultados muito melhores do que eu poderia esperar. Nunca desanimem Deus conduz-nos pela m\u00e3o\u201d.&nbsp;(Carta 409, Ana Maria Javouhey)<\/em><\/p>\n\n\n\n<p class=\"has-black-color has-text-color\"><strong><a href=\"https:\/\/zoom.us\/j\/99852026192?pwd=dXNEVHBmdW5aVm4zQlB2ZTVBOVd2QT09\">ASSISTA AQUI<\/a>:<\/strong><br><strong>998 5202 6192<\/strong><br><strong>Sinodo<\/strong><\/p>\n\n\n\n<hr class=\"wp-block-separator is-style-wide\"\/>\n\n\n\n<figure class=\"wp-block-image size-full\"><img loading=\"lazy\" decoding=\"async\" width=\"620\" height=\"480\" src=\"https:\/\/clunyportugal.com\/ppsjc\/wp-content\/uploads\/2022\/03\/Noites-Cluny-II-Porto-Small.jpg\" alt=\"\" class=\"wp-image-1627\" srcset=\"https:\/\/clunyportugal.com\/ppsjc\/wp-content\/uploads\/2022\/03\/Noites-Cluny-II-Porto-Small.jpg 620w, https:\/\/clunyportugal.com\/ppsjc\/wp-content\/uploads\/2022\/03\/Noites-Cluny-II-Porto-Small-300x232.jpg 300w\" sizes=\"auto, (max-width: 620px) 100vw, 620px\" \/><\/figure>\n\n\n\n<hr class=\"wp-block-separator is-style-wide\"\/>\n\n\n\n<h2 class=\"has-black-color has-text-color wp-block-heading\">S\u00ednodo 2023: Irm\u00e3s de S. Jos\u00e9 de Cluny promovem ser\u00e3o para \u00abouvir os jovens universit\u00e1rios\u00bb<\/h2>\n\n\n\n<h2 class=\"has-vivid-purple-color has-text-color wp-block-heading\"><strong>Porto, 26 mar 2022 (Ecclesia)<\/strong><\/h2>\n\n\n\n<p><a href=\"https:\/\/agencia.ecclesia.pt\/portal\/events\/sinodo-2023-irmas-de-s-jose-de-cluny-promovem-serao-para-ouvir-os-jovens-universitarios\/\" target=\"_blank\" rel=\"noreferrer noopener\"><strong>Ver artigo em: Ecclesia<\/strong><\/a><\/p>\n\n\n\n<p class=\"has-black-color has-text-color\">A Congrega\u00e7\u00e3o das Irm\u00e3s de S. Jos\u00e9 de Cluny promove a II edi\u00e7\u00e3o da \u201cNoite Cluny\u201d, dia 28 de mar\u00e7o, no Centro in Manus Tuas, na diocese do Porto, para \u201cescutar os jovens universit\u00e1rios\u201d sobre os assuntos da Igreja.<\/p>\n\n\n\n<p class=\"has-black-color has-text-color\">\u201cNa sequ\u00eancia da caminhada sinodal convocada pelo Papa Francisco surge uma conversa com os jovens universit\u00e1rios, escutando o que pensam e sentem sobre a Igreja\u201d, pode ler-se em comunicado enviado hoje \u00e0 Ag\u00eancia ECCLESIA.<\/p>\n\n\n\n<p class=\"has-black-color has-text-color\">Estes encontro pretendem \u201ccongregar a fam\u00edlia Cluny a n\u00edvel nacional e internacional, amigos, colaboradores, estudantes e Irm\u00e3s\u201d e trazer a atualidade da vida da fundadora Ana Maria Javouhey.<\/p>\n\n\n\n<p class=\"has-black-color has-text-color\">\u201cCom Ana Maria \u00e0 escuta da voz do Esp\u00edrito, em tempo sinodal \u00e9 o tema que congrega jovens desde os mais comprometidos aos mais afastados e de outras confiss\u00f5es religiosas, que ter\u00e3o muito a aportar \u00e0 nossa conversa\u201d, pode ler-se.<\/p>\n\n\n\n<p class=\"has-black-color has-text-color\">O encontro acontece \u201cpresencialmente e online\u201d, no dia 28 de mar\u00e7o, pelas 21h15.<\/p>\n","protected":false},"excerpt":{"rendered":"<p>Est\u00e1 de regresso as Noites Cluny na sua II Edi\u00e7\u00e3o e TODOS estamos convidados a tomar parte. A Congrega\u00e7\u00e3o das Irm\u00e3s de S. Jos\u00e9 de Cluny arranca dia 28 mar\u00e7o, \u00e0s 21h15m, no CIMT (Centro in Manus Tuas-Porto) com a II Noite Cluny, na sua II edi\u00e7\u00e3o.&nbsp;Encontro a decorrer presencialmente e online. ASSISTA AQUI A [&hellip;]<\/p>\n<p class=\"more-link\"><a href=\"https:\/\/clunyportugal.com\/ppsjc\/2022\/03\/27\/ii-edicao-da-noite-cluny\/\"  class=\"themebutton\">Read More<\/a><\/p>\n","protected":false},"author":1,"featured_media":1627,"comment_status":"closed","ping_status":"closed","sticky":false,"template":"","format":"standard","meta":{"footnotes":""},"categories":[1],"tags":[],"class_list":["post-1626","post","type-post","status-publish","format-standard","has-post-thumbnail","hentry","category-uncategorized"],"_links":{"self":[{"href":"https:\/\/clunyportugal.com\/ppsjc\/wp-json\/wp\/v2\/posts\/1626","targetHints":{"allow":["GET"]}}],"collection":[{"href":"https:\/\/clunyportugal.com\/ppsjc\/wp-json\/wp\/v2\/posts"}],"about":[{"href":"https:\/\/clunyportugal.com\/ppsjc\/wp-json\/wp\/v2\/types\/post"}],"author":[{"embeddable":true,"href":"https:\/\/clunyportugal.com\/ppsjc\/wp-json\/wp\/v2\/users\/1"}],"replies":[{"embeddable":true,"href":"https:\/\/clunyportugal.com\/ppsjc\/wp-json\/wp\/v2\/comments?post=1626"}],"version-history":[{"count":4,"href":"https:\/\/clunyportugal.com\/ppsjc\/wp-json\/wp\/v2\/posts\/1626\/revisions"}],"predecessor-version":[{"id":1634,"href":"https:\/\/clunyportugal.com\/ppsjc\/wp-json\/wp\/v2\/posts\/1626\/revisions\/1634"}],"wp:featuredmedia":[{"embeddable":true,"href":"https:\/\/clunyportugal.com\/ppsjc\/wp-json\/wp\/v2\/media\/1627"}],"wp:attachment":[{"href":"https:\/\/clunyportugal.com\/ppsjc\/wp-json\/wp\/v2\/media?parent=1626"}],"wp:term":[{"taxonomy":"category","embeddable":true,"href":"https:\/\/clunyportugal.com\/ppsjc\/wp-json\/wp\/v2\/categories?post=1626"},{"taxonomy":"post_tag","embeddable":true,"href":"https:\/\/clunyportugal.com\/ppsjc\/wp-json\/wp\/v2\/tags?post=1626"}],"curies":[{"name":"wp","href":"https:\/\/api.w.org\/{rel}","templated":true}]}}