{"id":1606,"date":"2022-02-05T21:49:08","date_gmt":"2022-02-05T21:49:08","guid":{"rendered":"https:\/\/clunyportugal.com\/ppsjc\/?p=1606"},"modified":"2022-02-05T21:49:12","modified_gmt":"2022-02-05T21:49:12","slug":"igreja-acores-ir-lucia-lucas","status":"publish","type":"post","link":"https:\/\/clunyportugal.com\/ppsjc\/2022\/02\/05\/igreja-acores-ir-lucia-lucas\/","title":{"rendered":"IGREJA A\u00c7ORES &#8211; IR. L\u00daCIA LUCAS"},"content":{"rendered":"\n<h2 class=\"wp-block-heading\" id=\"entrevista-com-a-irma-lucia-lucas\">Entrevista com a Irm\u00e3 L\u00facia Lucas<\/h2>\n\n\n\n<p>O Conselho Portugu\u00eas de Igrejas Crist\u00e3s defende que \u201cas exig\u00eancias e desafios que se colocam a n\u00edvel global \u00e0 fam\u00edlia humana requerem que os crist\u00e3os das diversas Igrejas se unam em adora\u00e7\u00e3o a Cristo\u201d<br><a href=\"https:\/\/www.igrejaacores.pt\" target=\"_blank\" rel=\"noreferrer noopener\">https:\/\/www.igrejaacores.pt<\/a><\/p>\n\n\n\n<h2 class=\"wp-block-heading\" id=\"palavras-que-abrem-caminho\"><strong>PALAVRAS QUE ABREM CAMINHO<\/strong><\/h2>\n\n\n\n<figure class=\"wp-block-embed is-type-video is-provider-youtube wp-block-embed-youtube wp-embed-aspect-16-9 wp-has-aspect-ratio\"><div class=\"wp-block-embed__wrapper\">\n<iframe loading=\"lazy\"  id=\"_ytid_60804\"  width=\"1170\" height=\"658\"  data-origwidth=\"1170\" data-origheight=\"658\" src=\"https:\/\/www.youtube.com\/embed\/KLCQdZZRh8s?enablejsapi=1&#038;autoplay=0&#038;cc_load_policy=0&#038;cc_lang_pref=&#038;iv_load_policy=1&#038;loop=0&#038;rel=1&#038;fs=1&#038;playsinline=0&#038;autohide=2&#038;theme=dark&#038;color=red&#038;controls=1&#038;disablekb=0&#038;\" class=\"__youtube_prefs__  epyt-is-override  no-lazyload\" title=\"YouTube player\"  allow=\"fullscreen; accelerometer; autoplay; clipboard-write; encrypted-media; gyroscope; picture-in-picture; web-share\" referrerpolicy=\"strict-origin-when-cross-origin\" allowfullscreen data-no-lazy=\"1\" data-skipgform_ajax_framebjll=\"\"><\/iframe>\n<\/div><\/figure>\n","protected":false},"excerpt":{"rendered":"<p>Entrevista com a Irm\u00e3 L\u00facia Lucas O Conselho Portugu\u00eas de Igrejas Crist\u00e3s defende que \u201cas exig\u00eancias e desafios que se colocam a n\u00edvel global \u00e0 fam\u00edlia humana requerem que os crist\u00e3os das diversas Igrejas se unam em adora\u00e7\u00e3o a Cristo\u201dhttps:\/\/www.igrejaacores.pt PALAVRAS QUE ABREM CAMINHO<\/p>\n","protected":false},"author":1,"featured_media":1607,"comment_status":"closed","ping_status":"closed","sticky":false,"template":"","format":"standard","meta":{"footnotes":""},"categories":[1],"tags":[],"class_list":["post-1606","post","type-post","status-publish","format-standard","has-post-thumbnail","hentry","category-uncategorized"],"_links":{"self":[{"href":"https:\/\/clunyportugal.com\/ppsjc\/wp-json\/wp\/v2\/posts\/1606","targetHints":{"allow":["GET"]}}],"collection":[{"href":"https:\/\/clunyportugal.com\/ppsjc\/wp-json\/wp\/v2\/posts"}],"about":[{"href":"https:\/\/clunyportugal.com\/ppsjc\/wp-json\/wp\/v2\/types\/post"}],"author":[{"embeddable":true,"href":"https:\/\/clunyportugal.com\/ppsjc\/wp-json\/wp\/v2\/users\/1"}],"replies":[{"embeddable":true,"href":"https:\/\/clunyportugal.com\/ppsjc\/wp-json\/wp\/v2\/comments?post=1606"}],"version-history":[{"count":2,"href":"https:\/\/clunyportugal.com\/ppsjc\/wp-json\/wp\/v2\/posts\/1606\/revisions"}],"predecessor-version":[{"id":1609,"href":"https:\/\/clunyportugal.com\/ppsjc\/wp-json\/wp\/v2\/posts\/1606\/revisions\/1609"}],"wp:featuredmedia":[{"embeddable":true,"href":"https:\/\/clunyportugal.com\/ppsjc\/wp-json\/wp\/v2\/media\/1607"}],"wp:attachment":[{"href":"https:\/\/clunyportugal.com\/ppsjc\/wp-json\/wp\/v2\/media?parent=1606"}],"wp:term":[{"taxonomy":"category","embeddable":true,"href":"https:\/\/clunyportugal.com\/ppsjc\/wp-json\/wp\/v2\/categories?post=1606"},{"taxonomy":"post_tag","embeddable":true,"href":"https:\/\/clunyportugal.com\/ppsjc\/wp-json\/wp\/v2\/tags?post=1606"}],"curies":[{"name":"wp","href":"https:\/\/api.w.org\/{rel}","templated":true}]}}