{"id":1593,"date":"2022-01-09T11:03:44","date_gmt":"2022-01-09T11:03:44","guid":{"rendered":"https:\/\/clunyportugal.com\/ppsjc\/?p=1593"},"modified":"2022-01-09T11:03:46","modified_gmt":"2022-01-09T11:03:46","slug":"refugiados-em-torres-novas","status":"publish","type":"post","link":"https:\/\/clunyportugal.com\/ppsjc\/2022\/01\/09\/refugiados-em-torres-novas\/","title":{"rendered":"REFUGIADOS EM TORRES NOVAS"},"content":{"rendered":"\n<h2 class=\"wp-block-heading\">COME\u00c7AR DE NOVO EM TORRES NOVAS<\/h2>\n\n\n\n<p class=\"has-black-color has-text-color\">Casal de refugiados acolhido na Casa de S\u00e3o Jos\u00e9 de Cluny em Torres Novas<\/p>\n\n\n\n<figure class=\"wp-block-image size-large\"><img loading=\"lazy\" decoding=\"async\" width=\"768\" height=\"1024\" src=\"https:\/\/clunyportugal.com\/ppsjc\/wp-content\/uploads\/2022\/01\/oalmonda-768x1024.jpg\" alt=\"\" class=\"wp-image-1594\" srcset=\"https:\/\/clunyportugal.com\/ppsjc\/wp-content\/uploads\/2022\/01\/oalmonda-768x1024.jpg 768w, https:\/\/clunyportugal.com\/ppsjc\/wp-content\/uploads\/2022\/01\/oalmonda-225x300.jpg 225w, https:\/\/clunyportugal.com\/ppsjc\/wp-content\/uploads\/2022\/01\/oalmonda-1152x1536.jpg 1152w, https:\/\/clunyportugal.com\/ppsjc\/wp-content\/uploads\/2022\/01\/oalmonda.jpg 1536w\" sizes=\"auto, (max-width: 768px) 100vw, 768px\" \/><\/figure>\n","protected":false},"excerpt":{"rendered":"<p>COME\u00c7AR DE NOVO EM TORRES NOVAS Casal de refugiados acolhido na Casa de S\u00e3o Jos\u00e9 de Cluny em Torres Novas<\/p>\n","protected":false},"author":1,"featured_media":1595,"comment_status":"closed","ping_status":"closed","sticky":false,"template":"","format":"standard","meta":{"footnotes":""},"categories":[1],"tags":[],"class_list":["post-1593","post","type-post","status-publish","format-standard","has-post-thumbnail","hentry","category-uncategorized"],"_links":{"self":[{"href":"https:\/\/clunyportugal.com\/ppsjc\/wp-json\/wp\/v2\/posts\/1593","targetHints":{"allow":["GET"]}}],"collection":[{"href":"https:\/\/clunyportugal.com\/ppsjc\/wp-json\/wp\/v2\/posts"}],"about":[{"href":"https:\/\/clunyportugal.com\/ppsjc\/wp-json\/wp\/v2\/types\/post"}],"author":[{"embeddable":true,"href":"https:\/\/clunyportugal.com\/ppsjc\/wp-json\/wp\/v2\/users\/1"}],"replies":[{"embeddable":true,"href":"https:\/\/clunyportugal.com\/ppsjc\/wp-json\/wp\/v2\/comments?post=1593"}],"version-history":[{"count":1,"href":"https:\/\/clunyportugal.com\/ppsjc\/wp-json\/wp\/v2\/posts\/1593\/revisions"}],"predecessor-version":[{"id":1596,"href":"https:\/\/clunyportugal.com\/ppsjc\/wp-json\/wp\/v2\/posts\/1593\/revisions\/1596"}],"wp:featuredmedia":[{"embeddable":true,"href":"https:\/\/clunyportugal.com\/ppsjc\/wp-json\/wp\/v2\/media\/1595"}],"wp:attachment":[{"href":"https:\/\/clunyportugal.com\/ppsjc\/wp-json\/wp\/v2\/media?parent=1593"}],"wp:term":[{"taxonomy":"category","embeddable":true,"href":"https:\/\/clunyportugal.com\/ppsjc\/wp-json\/wp\/v2\/categories?post=1593"},{"taxonomy":"post_tag","embeddable":true,"href":"https:\/\/clunyportugal.com\/ppsjc\/wp-json\/wp\/v2\/tags?post=1593"}],"curies":[{"name":"wp","href":"https:\/\/api.w.org\/{rel}","templated":true}]}}