{"id":1561,"date":"2021-12-23T16:02:17","date_gmt":"2021-12-23T16:02:17","guid":{"rendered":"https:\/\/clunyportugal.com\/ppsjc\/?p=1561"},"modified":"2021-12-23T16:02:35","modified_gmt":"2021-12-23T16:02:35","slug":"126-anos-a-ensinar-nos-acores","status":"publish","type":"post","link":"https:\/\/clunyportugal.com\/ppsjc\/2021\/12\/23\/126-anos-a-ensinar-nos-acores\/","title":{"rendered":"126 ANOS a ENSINAR nos A\u00c7ORES"},"content":{"rendered":"\n<h2 class=\"wp-block-heading\">Col\u00e9gio de S\u00e3o Francisco Xavier &#8211; 126 anos dedicados ao ensino nos A\u00e7ores<\/h2>\n\n\n\n<p class=\"has-black-color has-text-color\">Na comemora\u00e7\u00e3o dos 126 anos do Col\u00e9gio de S\u00e3o Francisco Xavier, Ana Rosa Costa conta a sua experi\u00eancia como aluna interna desta institui\u00e7\u00e3o, enaltecendo as figuras de Ana Maria Javouhey, fundadora da congrega\u00e7\u00e3o de S. Jos\u00e9 de Cluny, que dirigiu este Col\u00e9gio desde 1893, de M\u00e8re Paul e de muitas outras religiosas desta institui\u00e7\u00e3o.<\/p>\n\n\n\n<figure class=\"wp-block-image size-full\"><img loading=\"lazy\" decoding=\"async\" width=\"500\" height=\"375\" src=\"https:\/\/clunyportugal.com\/ppsjc\/wp-content\/uploads\/2021\/12\/Colegio-de-Sao-Francisco-Xavier-1-500x375-1.png\" alt=\"\" class=\"wp-image-1562\" srcset=\"https:\/\/clunyportugal.com\/ppsjc\/wp-content\/uploads\/2021\/12\/Colegio-de-Sao-Francisco-Xavier-1-500x375-1.png 500w, https:\/\/clunyportugal.com\/ppsjc\/wp-content\/uploads\/2021\/12\/Colegio-de-Sao-Francisco-Xavier-1-500x375-1-300x225.png 300w, https:\/\/clunyportugal.com\/ppsjc\/wp-content\/uploads\/2021\/12\/Colegio-de-Sao-Francisco-Xavier-1-500x375-1-380x285.png 380w, https:\/\/clunyportugal.com\/ppsjc\/wp-content\/uploads\/2021\/12\/Colegio-de-Sao-Francisco-Xavier-1-500x375-1-285x214.png 285w\" sizes=\"auto, (max-width: 500px) 100vw, 500px\" \/><\/figure>\n\n\n\n<p><a href=\"\/\/www.letraslavadas.pt\/produto-etiqueta\/colegio-de-sao-francisco-xavier\/\" target=\"_blank\" rel=\"noreferrer noopener\">Pode adquirir o livro atrav\u00e9s deste AQUI<\/a><\/p>\n","protected":false},"excerpt":{"rendered":"<p>Col\u00e9gio de S\u00e3o Francisco Xavier &#8211; 126 anos dedicados ao ensino nos A\u00e7ores Na comemora\u00e7\u00e3o dos 126 anos do Col\u00e9gio de S\u00e3o Francisco Xavier, Ana Rosa Costa conta a sua experi\u00eancia como aluna interna desta institui\u00e7\u00e3o, enaltecendo as figuras de Ana Maria Javouhey, fundadora da congrega\u00e7\u00e3o de S. Jos\u00e9 de Cluny, que dirigiu este Col\u00e9gio [&hellip;]<\/p>\n<p class=\"more-link\"><a href=\"https:\/\/clunyportugal.com\/ppsjc\/2021\/12\/23\/126-anos-a-ensinar-nos-acores\/\"  class=\"themebutton\">Read More<\/a><\/p>\n","protected":false},"author":1,"featured_media":1562,"comment_status":"closed","ping_status":"closed","sticky":false,"template":"","format":"standard","meta":{"footnotes":""},"categories":[1],"tags":[],"class_list":["post-1561","post","type-post","status-publish","format-standard","has-post-thumbnail","hentry","category-uncategorized"],"_links":{"self":[{"href":"https:\/\/clunyportugal.com\/ppsjc\/wp-json\/wp\/v2\/posts\/1561","targetHints":{"allow":["GET"]}}],"collection":[{"href":"https:\/\/clunyportugal.com\/ppsjc\/wp-json\/wp\/v2\/posts"}],"about":[{"href":"https:\/\/clunyportugal.com\/ppsjc\/wp-json\/wp\/v2\/types\/post"}],"author":[{"embeddable":true,"href":"https:\/\/clunyportugal.com\/ppsjc\/wp-json\/wp\/v2\/users\/1"}],"replies":[{"embeddable":true,"href":"https:\/\/clunyportugal.com\/ppsjc\/wp-json\/wp\/v2\/comments?post=1561"}],"version-history":[{"count":2,"href":"https:\/\/clunyportugal.com\/ppsjc\/wp-json\/wp\/v2\/posts\/1561\/revisions"}],"predecessor-version":[{"id":1564,"href":"https:\/\/clunyportugal.com\/ppsjc\/wp-json\/wp\/v2\/posts\/1561\/revisions\/1564"}],"wp:featuredmedia":[{"embeddable":true,"href":"https:\/\/clunyportugal.com\/ppsjc\/wp-json\/wp\/v2\/media\/1562"}],"wp:attachment":[{"href":"https:\/\/clunyportugal.com\/ppsjc\/wp-json\/wp\/v2\/media?parent=1561"}],"wp:term":[{"taxonomy":"category","embeddable":true,"href":"https:\/\/clunyportugal.com\/ppsjc\/wp-json\/wp\/v2\/categories?post=1561"},{"taxonomy":"post_tag","embeddable":true,"href":"https:\/\/clunyportugal.com\/ppsjc\/wp-json\/wp\/v2\/tags?post=1561"}],"curies":[{"name":"wp","href":"https:\/\/api.w.org\/{rel}","templated":true}]}}