{"id":1540,"date":"2021-10-14T07:45:11","date_gmt":"2021-10-14T07:45:11","guid":{"rendered":"https:\/\/clunyportugal.com\/ppsjc\/?p=1540"},"modified":"2021-10-14T07:45:14","modified_gmt":"2021-10-14T07:45:14","slug":"conversas-na-ecclesia","status":"publish","type":"post","link":"https:\/\/clunyportugal.com\/ppsjc\/2021\/10\/14\/conversas-na-ecclesia\/","title":{"rendered":"CONVERSAS NA ECCLESIA"},"content":{"rendered":"\n<h2 class=\"wp-block-heading\">CONVERSAS NA ECCLESIA<\/h2>\n\n\n\n<p class=\"has-black-color has-text-color\">Conversas na Ecclesia: \u00abDentro da nossa casa estamos neste esp\u00edrito mission\u00e1rio\u00bb \u2013 Irm\u00e3 T\u00e2nia Encarna\u00e7\u00e3o<\/p>\n\n\n\n<p class=\"has-black-color has-text-color\">Irm\u00e3s de S\u00e3o Jos\u00e9 de Cluny acolhem jovens universit\u00e1rios de v\u00e1rias nacionalidades no Centro <em><strong>\u00abIn Manus Tuas\u00bb<\/strong><\/em>, no Porto<\/p>\n\n\n\n<figure class=\"wp-block-embed is-type-video is-provider-youtube wp-block-embed-youtube wp-embed-aspect-16-9 wp-has-aspect-ratio\"><div class=\"wp-block-embed__wrapper\">\n<iframe loading=\"lazy\"  id=\"_ytid_18863\"  width=\"1170\" height=\"658\"  data-origwidth=\"1170\" data-origheight=\"658\" src=\"https:\/\/www.youtube.com\/embed\/Uz7ADH76tAY?enablejsapi=1&#038;autoplay=0&#038;cc_load_policy=0&#038;cc_lang_pref=&#038;iv_load_policy=1&#038;loop=0&#038;rel=1&#038;fs=1&#038;playsinline=0&#038;autohide=2&#038;theme=dark&#038;color=red&#038;controls=1&#038;disablekb=0&#038;\" class=\"__youtube_prefs__  epyt-is-override  no-lazyload\" title=\"YouTube player\"  allow=\"fullscreen; accelerometer; autoplay; clipboard-write; encrypted-media; gyroscope; picture-in-picture; web-share\" referrerpolicy=\"strict-origin-when-cross-origin\" allowfullscreen data-no-lazy=\"1\" data-skipgform_ajax_framebjll=\"\"><\/iframe>\n<\/div><\/figure>\n","protected":false},"excerpt":{"rendered":"<p>CONVERSAS NA ECCLESIA Conversas na Ecclesia: \u00abDentro da nossa casa estamos neste esp\u00edrito mission\u00e1rio\u00bb \u2013 Irm\u00e3 T\u00e2nia Encarna\u00e7\u00e3o Irm\u00e3s de S\u00e3o Jos\u00e9 de Cluny acolhem jovens universit\u00e1rios de v\u00e1rias nacionalidades no Centro \u00abIn Manus Tuas\u00bb, no Porto<\/p>\n","protected":false},"author":1,"featured_media":1541,"comment_status":"closed","ping_status":"closed","sticky":false,"template":"","format":"standard","meta":{"footnotes":""},"categories":[1],"tags":[],"class_list":["post-1540","post","type-post","status-publish","format-standard","has-post-thumbnail","hentry","category-uncategorized"],"_links":{"self":[{"href":"https:\/\/clunyportugal.com\/ppsjc\/wp-json\/wp\/v2\/posts\/1540","targetHints":{"allow":["GET"]}}],"collection":[{"href":"https:\/\/clunyportugal.com\/ppsjc\/wp-json\/wp\/v2\/posts"}],"about":[{"href":"https:\/\/clunyportugal.com\/ppsjc\/wp-json\/wp\/v2\/types\/post"}],"author":[{"embeddable":true,"href":"https:\/\/clunyportugal.com\/ppsjc\/wp-json\/wp\/v2\/users\/1"}],"replies":[{"embeddable":true,"href":"https:\/\/clunyportugal.com\/ppsjc\/wp-json\/wp\/v2\/comments?post=1540"}],"version-history":[{"count":1,"href":"https:\/\/clunyportugal.com\/ppsjc\/wp-json\/wp\/v2\/posts\/1540\/revisions"}],"predecessor-version":[{"id":1542,"href":"https:\/\/clunyportugal.com\/ppsjc\/wp-json\/wp\/v2\/posts\/1540\/revisions\/1542"}],"wp:featuredmedia":[{"embeddable":true,"href":"https:\/\/clunyportugal.com\/ppsjc\/wp-json\/wp\/v2\/media\/1541"}],"wp:attachment":[{"href":"https:\/\/clunyportugal.com\/ppsjc\/wp-json\/wp\/v2\/media?parent=1540"}],"wp:term":[{"taxonomy":"category","embeddable":true,"href":"https:\/\/clunyportugal.com\/ppsjc\/wp-json\/wp\/v2\/categories?post=1540"},{"taxonomy":"post_tag","embeddable":true,"href":"https:\/\/clunyportugal.com\/ppsjc\/wp-json\/wp\/v2\/tags?post=1540"}],"curies":[{"name":"wp","href":"https:\/\/api.w.org\/{rel}","templated":true}]}}