{"id":1469,"date":"2021-07-04T17:37:24","date_gmt":"2021-07-04T17:37:24","guid":{"rendered":"https:\/\/clunyportugal.com\/ppsjc\/?p=1469"},"modified":"2021-07-04T17:37:53","modified_gmt":"2021-07-04T17:37:53","slug":"novena-ana-maria-javouhey","status":"publish","type":"post","link":"https:\/\/clunyportugal.com\/ppsjc\/2021\/07\/04\/novena-ana-maria-javouhey\/","title":{"rendered":"NOVENA \u2013 ANA MARIA JAVOUHEY"},"content":{"rendered":"\n<h2 class=\"wp-block-heading\">NOVENA \u2013 ANA MARIA JAVOUHEY<\/h2>\n\n\n\n<h3 class=\"wp-block-heading\">Sinopse<\/h3>\n\n\n\n<p>Beatificada em 1950 pelo papa Pio XII, Ana Maria Javouhey foi uma religiosa de origem francesa, fundadora das Irm\u00e3s de S\u00e3o Jos\u00e9 de Cluny. Sua mem\u00f3ria \u00e9 celebrada no dia 15 de julho. \u00c9 tamb\u00e9m conhecida como a Libertadora dos Escravos no Novo Mundo, e como a m\u00e3e da cidade de Mana, na Guiana Francesa. Papa Francisco chamou-a de \u201cEvangelizadora com Esp\u00edrito\u201d.<\/p>\n\n\n\n<figure class=\"wp-block-image size-large is-resized\"><img loading=\"lazy\" decoding=\"async\" src=\"https:\/\/clunyportugal.com\/ppsjc\/wp-content\/uploads\/2021\/07\/novena.jpg\" alt=\"\" class=\"wp-image-1459\" width=\"377\" height=\"542\" srcset=\"https:\/\/clunyportugal.com\/ppsjc\/wp-content\/uploads\/2021\/07\/novena.jpg 490w, https:\/\/clunyportugal.com\/ppsjc\/wp-content\/uploads\/2021\/07\/novena-209x300.jpg 209w\" sizes=\"auto, (max-width: 377px) 100vw, 377px\" \/><\/figure>\n\n\n\n<p>Livro:<em><strong>&nbsp;Novena \u00e0 beata Ana Maria Javouhey<\/strong><\/em><br>Autor: Maria Helena Moreno<br>Tema: Ana Maria Javouhey<br>Tamanho: 90&nbsp;x 128<br>P\u00e1ginas: 64<br>ISBN: 9789723021714<br>Edi\u00e7\u00e3o: Paulus<br><strong>Adquirir<\/strong>:<br><a rel=\"noreferrer noopener\" href=\"https:\/\/www.almedina.net\/novena-beata-ana-maria-javouhey-1594909299.html\" target=\"_blank\">Almedina<\/a><br><a rel=\"noreferrer noopener\" href=\"https:\/\/www.wook.pt\/livro\/novena-a-beata-ana-maria-javouhey-maria-helena-moreno\/24178406\" target=\"_blank\">Wook<\/a><br><a rel=\"noreferrer noopener\" href=\"https:\/\/www.bertrand.pt\/livro\/novena-a-beata-ana-maria-javouhey-maria-helena-moreno\/24178406\" target=\"_blank\">Bertrand<\/a><\/p>\n","protected":false},"excerpt":{"rendered":"<p>NOVENA \u2013 ANA MARIA JAVOUHEY Sinopse Beatificada em 1950 pelo papa Pio XII, Ana Maria Javouhey foi uma religiosa de origem francesa, fundadora das Irm\u00e3s de S\u00e3o Jos\u00e9 de Cluny. Sua mem\u00f3ria \u00e9 celebrada no dia 15 de julho. \u00c9 tamb\u00e9m conhecida como a Libertadora dos Escravos no Novo Mundo, e como a m\u00e3e da [&hellip;]<\/p>\n<p class=\"more-link\"><a href=\"https:\/\/clunyportugal.com\/ppsjc\/2021\/07\/04\/novena-ana-maria-javouhey\/\"  class=\"themebutton\">Read More<\/a><\/p>\n","protected":false},"author":1,"featured_media":1459,"comment_status":"closed","ping_status":"closed","sticky":false,"template":"","format":"standard","meta":{"footnotes":""},"categories":[1],"tags":[],"class_list":["post-1469","post","type-post","status-publish","format-standard","has-post-thumbnail","hentry","category-uncategorized"],"_links":{"self":[{"href":"https:\/\/clunyportugal.com\/ppsjc\/wp-json\/wp\/v2\/posts\/1469","targetHints":{"allow":["GET"]}}],"collection":[{"href":"https:\/\/clunyportugal.com\/ppsjc\/wp-json\/wp\/v2\/posts"}],"about":[{"href":"https:\/\/clunyportugal.com\/ppsjc\/wp-json\/wp\/v2\/types\/post"}],"author":[{"embeddable":true,"href":"https:\/\/clunyportugal.com\/ppsjc\/wp-json\/wp\/v2\/users\/1"}],"replies":[{"embeddable":true,"href":"https:\/\/clunyportugal.com\/ppsjc\/wp-json\/wp\/v2\/comments?post=1469"}],"version-history":[{"count":3,"href":"https:\/\/clunyportugal.com\/ppsjc\/wp-json\/wp\/v2\/posts\/1469\/revisions"}],"predecessor-version":[{"id":1472,"href":"https:\/\/clunyportugal.com\/ppsjc\/wp-json\/wp\/v2\/posts\/1469\/revisions\/1472"}],"wp:featuredmedia":[{"embeddable":true,"href":"https:\/\/clunyportugal.com\/ppsjc\/wp-json\/wp\/v2\/media\/1459"}],"wp:attachment":[{"href":"https:\/\/clunyportugal.com\/ppsjc\/wp-json\/wp\/v2\/media?parent=1469"}],"wp:term":[{"taxonomy":"category","embeddable":true,"href":"https:\/\/clunyportugal.com\/ppsjc\/wp-json\/wp\/v2\/categories?post=1469"},{"taxonomy":"post_tag","embeddable":true,"href":"https:\/\/clunyportugal.com\/ppsjc\/wp-json\/wp\/v2\/tags?post=1469"}],"curies":[{"name":"wp","href":"https:\/\/api.w.org\/{rel}","templated":true}]}}