{"id":1464,"date":"2021-07-04T17:18:00","date_gmt":"2021-07-04T17:18:00","guid":{"rendered":"https:\/\/clunyportugal.com\/ppsjc\/?p=1464"},"modified":"2021-07-04T17:18:47","modified_gmt":"2021-07-04T17:18:47","slug":"1464","status":"publish","type":"post","link":"https:\/\/clunyportugal.com\/ppsjc\/2021\/07\/04\/1464\/","title":{"rendered":"CRSI \u2013 EDIF\u00cdCIO FAZ 80 ANOS"},"content":{"rendered":"\n<h2 class=\"wp-block-heading\">Col\u00e9gio Rainha Santa Isabel forma pessoas para a vida<\/h2>\n\n\n\n<p>Noticia CAMPE\u00c3O DAS PROV\u00cdNCIAS \u2013 1 de julho 2021<br><strong>LINO VINHAL<\/strong><\/p>\n\n\n\n<p><strong>O edif\u00edcio que vemos ao cimo da colina, \u00e0 direita, vai fazer 80 anos. A 4 de Julho pr\u00f3ximo. Constru\u00eddo de raiz para esse fim, \u00e9 hoje a casa de uma das grandes Escolas portuguesas e um dos Col\u00e9gios privados de maior prest\u00edgio e de maior confian\u00e7a do universo formativo portugu\u00eas. Prest\u00edgio que lhe adv\u00e9m, \u00e9 verdade, dos resultados que consegue, ano ap\u00f3s ano, sempre no lugar cimeiro das melhores notas nos exames nacionais, mas de maior confian\u00e7a tamb\u00e9m e sobretudo pela filosofia de ensino que ministra, focando, para al\u00e9m do aluno, a pessoa e o ser \u00edntegro que quer que esse aluno seja vida fora. Chama-se Col\u00e9gio da Rainha Santa Isabel, de Coimbra\u2026<\/strong><\/p>\n\n\n\n<figure class=\"wp-block-image size-large\"><img loading=\"lazy\" decoding=\"async\" width=\"1024\" height=\"460\" src=\"https:\/\/clunyportugal.com\/ppsjc\/wp-content\/uploads\/2021\/07\/edificio_crsi-1024x460-1.jpg\" alt=\"\" class=\"wp-image-1465\" srcset=\"https:\/\/clunyportugal.com\/ppsjc\/wp-content\/uploads\/2021\/07\/edificio_crsi-1024x460-1.jpg 1024w, https:\/\/clunyportugal.com\/ppsjc\/wp-content\/uploads\/2021\/07\/edificio_crsi-1024x460-1-300x135.jpg 300w, https:\/\/clunyportugal.com\/ppsjc\/wp-content\/uploads\/2021\/07\/edificio_crsi-1024x460-1-768x345.jpg 768w\" sizes=\"auto, (max-width: 1024px) 100vw, 1024px\" \/><\/figure>\n\n\n\n<p>\u2026 J\u00e1 mais recuperado das perturba\u00e7\u00f5es que a Rep\u00fablica trouxera no seu in\u00edcio ao expulsar as Ordens religiosas, funcionava o Col\u00e9gio Rainha Santa no Convento dos Trinit\u00e1rios, na Alta Universit\u00e1ria, como arrendat\u00e1rio, quando em 1934 \u00e9 informado dos planos do Governo em ampliar a Universidade, pelo que teria de deixar vagas as instala\u00e7\u00f5es que ocupava. N\u00e3o ter\u00e1 sido pequeno o sobressalto, tanto mais que as vicissitudes que se haviam seguido \u00e0 implanta\u00e7\u00e3o da Rep\u00fablica, vinte e poucos anos antes, estavam ainda muito presentes na mente das Irm\u00e3s de S. Jos\u00e9 de Cluny, respons\u00e1veis pelo Col\u00e9gio e que agora se perguntavam onde e como reinstalar a ac\u00e7\u00e3o educativa e mission\u00e1ria que era a sua raz\u00e3o de ser enquanto institui\u00e7\u00e3o e a raz\u00e3o de estar tamb\u00e9m em Coimbra. Dirigia o Col\u00e9gio nessa altura, vinda de Roma quatro anos antes, a Madre Maria de Jesus Vila Real que de imediato inicia uma busca intensa \u00e0 procura de novo espa\u00e7o onde pudesse construir um edif\u00edcio de raiz que fosse ber\u00e7o e casa do col\u00e9gio do futuro. Andava ela, andavam todas as irm\u00e3s e a Congrega\u00e7\u00e3o no seu todo com esta ansiedade do novo espa\u00e7o, quando a Madre Maria de Jesus, de uma das janelas sobranceiras das instala\u00e7\u00f5es da Alta, de onde tanta gostava de ver o lado&nbsp;o seu olhar sobre o pequeno outeiro que \u00e0 sua frente, ladeando a ent\u00e3o Estrada da Beira e encostado \u00e0 cerca&nbsp;como sossegado, pr\u00f3ximo da cidade e com boa vizinhan\u00e7a. Decidida e diligente, assume da Congrega\u00e7\u00e3o pedir ajuda celestial e recupera de si pr\u00f3pria a ind\u00f3mita vontade de trabalhar pelos seus objectivos, confiada que a natureza, ancorada nas divindades que lhe moldavam o car\u00e1cter, a n\u00e3o deixariam sozinha em t\u00e3o dif\u00edcil tarefa. Tanto mais que duas dificuldades de vulto se lhe depararam logo \u00e0 partida: os propriet\u00e1rios do terreno n\u00e3o o queriam vender e o pr\u00f3prio Semin\u00e1rio n\u00e3o via com bons olhos um col\u00e9gio ent\u00e3o feminino, ainda que religioso, nas suas imedia\u00e7\u00f5es.<\/p>\n\n\n\n<h2 class=\"wp-block-heading\">Anos de ansiedade e trabalho imenso<\/h2>\n\n\n\n<p>S\u00e3o quatro\/cinco intermin\u00e1veis anos de trabalho na angaria\u00e7\u00e3o de fundos por parte de toda a Congrega\u00e7\u00e3o onde quer que fosse que estivesse implantada, de negocia\u00e7\u00f5es locais, de prepara\u00e7\u00e3o de projectos. Quatro anos dif\u00edceis, trabalhosos, mas sempre de esperan\u00e7a renovada. E eis que\u2026.<\/p>\n\n\n\n<p>\u2026 a 4 de Julho de 1939, pelas 18 horas, se inicia a cerim\u00f3nia de lan\u00e7amento da primeira pedra do que viria a ser, e \u00e9 ainda hoje, 80 anos decorridos, o Col\u00e9gio da Rainha Santa Isabel. Era presidente da C\u00e2mara Municipal de Coimbra Ferrand Pimentel de Almeida e autor do projecto o Eng. Manuel de Abreu Castelo Branco. Projecto que correspondia, ent\u00e3o e por inteiro, \u00e0s mais modernas exig\u00eancias pedag\u00f3gicas e educativas. De tal forma que, apesar das adapta\u00e7\u00f5es e algumas constru\u00e7\u00f5es subsequentes exigidas pela necessidade de adapta\u00e7\u00e3o aos tempos de cada tempo, o Col\u00e9gio conserva ainda hoje, como se recente fosse, toda a impon\u00eancia da constru\u00e7\u00e3o e localiza\u00e7\u00e3o, a amplitude das salas de aula e recreios funcionais. Em 41\/42, as aulas come\u00e7am no novo edif\u00edcio,&nbsp;Ainda que alguns trabalhos finais ainda decorressem. Dois anos foi o tempo decorrido, o trabalho foi de muitos, o esp\u00edrito empreendedor partia sobretudo da Madre Maria de Jesus, continuado pelas suas sucessoras no acabamento das obras, no pagamento das d\u00edvidas, progress\u00e3o que n\u00e3o vacila na forma\u00e7\u00e3o escolar e crist\u00e3 da institui\u00e7\u00e3o.<\/p>\n\n\n\n<h2 class=\"wp-block-heading\">Projecto educacional e educativo adequado ao tempo de cada gera\u00e7\u00e3o \u00e9 o lema assumido pela directora Irm\u00e3 Maria da Gl\u00f3ria<\/h2>\n\n\n\n<p>Assentando sempre na&nbsp;seiva filos\u00f3fica da Congrega\u00e7\u00e3o instituidora, exigente no ensino mas cultivadora da excel\u00eancia e da dignidade da pessoa, como o ser mais importante do Universo, o Col\u00e9gio h\u00e1 muitos anos que se vem afirmando em&nbsp;Coimbra e no pa\u00eds at\u00e9 no estrangeiro perante institui\u00e7\u00f5es mundiais, como por exemplo a Unesco, como uma entidade que tem um espirito pr\u00f3prio, uma raz\u00e3o de ser singular, um caminho&nbsp; muito definido a percorrer, uma fun\u00e7\u00e3o a cumprir, levando sempre pela m\u00e3o as crian\u00e7as e jovens cujas&nbsp;familias lhe confiaram, ao col\u00e9gio, parte substancial da sua orienta\u00e7\u00e3o de vida e do seu rumo profissional.<\/p>\n\n\n\n<p class=\"has-large-font-size\"><a href=\"https:\/\/www.crsi.pt\/wp-content\/uploads\/2021\/07\/CP_crsi_80anos.pdf\" target=\"_blank\" rel=\"noreferrer noopener\">LEIA AQUI O ARTIGO NA INTEGRA<\/a><\/p>\n","protected":false},"excerpt":{"rendered":"<p>Col\u00e9gio Rainha Santa Isabel forma pessoas para a vida Noticia CAMPE\u00c3O DAS PROV\u00cdNCIAS \u2013 1 de julho 2021LINO VINHAL O edif\u00edcio que vemos ao cimo da colina, \u00e0 direita, vai fazer 80 anos. A 4 de Julho pr\u00f3ximo. Constru\u00eddo de raiz para esse fim, \u00e9 hoje a casa de uma das grandes Escolas portuguesas e [&hellip;]<\/p>\n<p class=\"more-link\"><a href=\"https:\/\/clunyportugal.com\/ppsjc\/2021\/07\/04\/1464\/\"  class=\"themebutton\">Read More<\/a><\/p>\n","protected":false},"author":1,"featured_media":1465,"comment_status":"closed","ping_status":"closed","sticky":false,"template":"","format":"standard","meta":{"footnotes":""},"categories":[1],"tags":[],"class_list":["post-1464","post","type-post","status-publish","format-standard","has-post-thumbnail","hentry","category-uncategorized"],"_links":{"self":[{"href":"https:\/\/clunyportugal.com\/ppsjc\/wp-json\/wp\/v2\/posts\/1464","targetHints":{"allow":["GET"]}}],"collection":[{"href":"https:\/\/clunyportugal.com\/ppsjc\/wp-json\/wp\/v2\/posts"}],"about":[{"href":"https:\/\/clunyportugal.com\/ppsjc\/wp-json\/wp\/v2\/types\/post"}],"author":[{"embeddable":true,"href":"https:\/\/clunyportugal.com\/ppsjc\/wp-json\/wp\/v2\/users\/1"}],"replies":[{"embeddable":true,"href":"https:\/\/clunyportugal.com\/ppsjc\/wp-json\/wp\/v2\/comments?post=1464"}],"version-history":[{"count":2,"href":"https:\/\/clunyportugal.com\/ppsjc\/wp-json\/wp\/v2\/posts\/1464\/revisions"}],"predecessor-version":[{"id":1468,"href":"https:\/\/clunyportugal.com\/ppsjc\/wp-json\/wp\/v2\/posts\/1464\/revisions\/1468"}],"wp:featuredmedia":[{"embeddable":true,"href":"https:\/\/clunyportugal.com\/ppsjc\/wp-json\/wp\/v2\/media\/1465"}],"wp:attachment":[{"href":"https:\/\/clunyportugal.com\/ppsjc\/wp-json\/wp\/v2\/media?parent=1464"}],"wp:term":[{"taxonomy":"category","embeddable":true,"href":"https:\/\/clunyportugal.com\/ppsjc\/wp-json\/wp\/v2\/categories?post=1464"},{"taxonomy":"post_tag","embeddable":true,"href":"https:\/\/clunyportugal.com\/ppsjc\/wp-json\/wp\/v2\/tags?post=1464"}],"curies":[{"name":"wp","href":"https:\/\/api.w.org\/{rel}","templated":true}]}}