{"id":1447,"date":"2021-06-22T13:34:32","date_gmt":"2021-06-22T13:34:32","guid":{"rendered":"https:\/\/clunyportugal.com\/ppsjc\/?p=1447"},"modified":"2021-06-22T13:43:13","modified_gmt":"2021-06-22T13:43:13","slug":"manual-sipc-ppsjc","status":"publish","type":"post","link":"https:\/\/clunyportugal.com\/ppsjc\/2021\/06\/22\/manual-sipc-ppsjc\/","title":{"rendered":"MANUAL SIPC &#8211; PPSJC"},"content":{"rendered":"\n<h2 class=\"wp-block-heading\">MANUAL SIPC &#8211; Sistema Interno de Prote\u00e7\u00e3o e Cuidado de menores e adultos\u00a0em situa\u00e7\u00e3o de vulnerabilidade<\/h2>\n\n\n\n<figure class=\"wp-block-image size-large is-resized\"><img loading=\"lazy\" decoding=\"async\" src=\"https:\/\/clunyportugal.com\/ppsjc\/wp-content\/uploads\/2021\/06\/ICON_SIPC-964x1024.png\" alt=\"\" class=\"wp-image-1448\" width=\"815\" height=\"865\" srcset=\"https:\/\/clunyportugal.com\/ppsjc\/wp-content\/uploads\/2021\/06\/ICON_SIPC-964x1024.png 964w, https:\/\/clunyportugal.com\/ppsjc\/wp-content\/uploads\/2021\/06\/ICON_SIPC-282x300.png 282w, https:\/\/clunyportugal.com\/ppsjc\/wp-content\/uploads\/2021\/06\/ICON_SIPC-768x816.png 768w, https:\/\/clunyportugal.com\/ppsjc\/wp-content\/uploads\/2021\/06\/ICON_SIPC-1446x1536.png 1446w, https:\/\/clunyportugal.com\/ppsjc\/wp-content\/uploads\/2021\/06\/ICON_SIPC.png 1764w\" sizes=\"auto, (max-width: 815px) 100vw, 815px\" \/><\/figure>\n\n\n\n<p>O presente manual resulta de um pedido da Irm\u00e3 F\u00e1tima Machado, atual Superiora Provincial da Prov\u00edncia Portuguesa da Congrega\u00e7\u00e3o das Irm\u00e3s de S. Jos\u00e9 de Cluny, formalizado em janeiro de 2019, cujo objetivo passaria pela&nbsp;cria\u00e7\u00e3o na Congrega\u00e7\u00e3o de um \u201cSistema Interno de Prote\u00e7\u00e3o e Cuidado de menores e adultos&nbsp;em situa\u00e7\u00e3o de vulnerabilidade\u201d&nbsp;(SIPC), a ser implementado em todas as Comunidades que se relacionam em Portugal com estes p\u00fablicos.<\/p>\n\n\n\n<p>A par do que j\u00e1 acontece em outras Ordens e Congrega\u00e7\u00f5es Religiosas Portuguesas, estamos perante um desafio concreto de contribuir para a promo\u00e7\u00e3o da dignidade da pessoa humana. Neste seguimento, o&nbsp;objetivo&nbsp;do Sistema SIPC \u00e9, em primeiro lugar, o de avaliar e refor\u00e7ar as boas pr\u00e1ticas existentes no que respeita \u00e0 prote\u00e7\u00e3o e cuidado de menores e adultos em situa\u00e7\u00e3o de vulnerabilidade nos contextos e atividades das comunidades das Irm\u00e3s de S. Jos\u00e9 de Cluny em Portugal. Se desta avalia\u00e7\u00e3o resultar a constata\u00e7\u00e3o de pr\u00e1ticas desadequadas, \u00e9 tamb\u00e9m objetivo deste Sistema SIPC o de identificar e tratar o que possa configurar situa\u00e7\u00e3o de maus tratos.<\/p>\n\n\n\n<p>O manual foi elaborado pela Dra. Ana Rita Costa em colabora\u00e7\u00e3o com a professora doutora Daniela Monteiro, entre janeiro de 2019 e maio de 2020, tendo ainda recebido contribui\u00e7\u00f5es das obras ligadas \u00e0 Congrega\u00e7\u00e3o atrav\u00e9s do preenchimento de um question\u00e1rio sobre a tem\u00e1tica dos maus tratos (cf. anexo 1).<\/p>\n\n\n\n<p class=\"has-large-font-size\"><a href=\"https:\/\/clunyportugal.com\/ppsjc\/wp-content\/uploads\/2021\/06\/SIPC_2021.pdf\" target=\"_blank\" rel=\"noreferrer noopener\">CONSULTE AQUI O MANUAL<\/a><\/p>\n","protected":false},"excerpt":{"rendered":"<p>MANUAL SIPC &#8211; Sistema Interno de Prote\u00e7\u00e3o e Cuidado de menores e adultos\u00a0em situa\u00e7\u00e3o de vulnerabilidade O presente manual resulta de um pedido da Irm\u00e3 F\u00e1tima Machado, atual Superiora Provincial da Prov\u00edncia Portuguesa da Congrega\u00e7\u00e3o das Irm\u00e3s de S. Jos\u00e9 de Cluny, formalizado em janeiro de 2019, cujo objetivo passaria pela&nbsp;cria\u00e7\u00e3o na Congrega\u00e7\u00e3o de um [&hellip;]<\/p>\n<p class=\"more-link\"><a href=\"https:\/\/clunyportugal.com\/ppsjc\/2021\/06\/22\/manual-sipc-ppsjc\/\"  class=\"themebutton\">Read More<\/a><\/p>\n","protected":false},"author":1,"featured_media":1448,"comment_status":"closed","ping_status":"closed","sticky":false,"template":"","format":"standard","meta":{"footnotes":""},"categories":[1],"tags":[],"class_list":["post-1447","post","type-post","status-publish","format-standard","has-post-thumbnail","hentry","category-uncategorized"],"_links":{"self":[{"href":"https:\/\/clunyportugal.com\/ppsjc\/wp-json\/wp\/v2\/posts\/1447","targetHints":{"allow":["GET"]}}],"collection":[{"href":"https:\/\/clunyportugal.com\/ppsjc\/wp-json\/wp\/v2\/posts"}],"about":[{"href":"https:\/\/clunyportugal.com\/ppsjc\/wp-json\/wp\/v2\/types\/post"}],"author":[{"embeddable":true,"href":"https:\/\/clunyportugal.com\/ppsjc\/wp-json\/wp\/v2\/users\/1"}],"replies":[{"embeddable":true,"href":"https:\/\/clunyportugal.com\/ppsjc\/wp-json\/wp\/v2\/comments?post=1447"}],"version-history":[{"count":3,"href":"https:\/\/clunyportugal.com\/ppsjc\/wp-json\/wp\/v2\/posts\/1447\/revisions"}],"predecessor-version":[{"id":1457,"href":"https:\/\/clunyportugal.com\/ppsjc\/wp-json\/wp\/v2\/posts\/1447\/revisions\/1457"}],"wp:featuredmedia":[{"embeddable":true,"href":"https:\/\/clunyportugal.com\/ppsjc\/wp-json\/wp\/v2\/media\/1448"}],"wp:attachment":[{"href":"https:\/\/clunyportugal.com\/ppsjc\/wp-json\/wp\/v2\/media?parent=1447"}],"wp:term":[{"taxonomy":"category","embeddable":true,"href":"https:\/\/clunyportugal.com\/ppsjc\/wp-json\/wp\/v2\/categories?post=1447"},{"taxonomy":"post_tag","embeddable":true,"href":"https:\/\/clunyportugal.com\/ppsjc\/wp-json\/wp\/v2\/tags?post=1447"}],"curies":[{"name":"wp","href":"https:\/\/api.w.org\/{rel}","templated":true}]}}