{"id":1423,"date":"2021-05-12T09:02:16","date_gmt":"2021-05-12T09:02:16","guid":{"rendered":"https:\/\/clunyportugal.com\/ppsjc\/?p=1423"},"modified":"2021-05-12T09:02:28","modified_gmt":"2021-05-12T09:02:28","slug":"oracao-do-terco","status":"publish","type":"post","link":"https:\/\/clunyportugal.com\/ppsjc\/2021\/05\/12\/oracao-do-terco\/","title":{"rendered":"ORA\u00c7\u00c3O DO TER\u00c7O"},"content":{"rendered":"\n<figure class=\"wp-block-image size-large\"><img loading=\"lazy\" decoding=\"async\" width=\"1024\" height=\"1024\" src=\"https:\/\/clunyportugal.com\/ppsjc\/wp-content\/uploads\/2021\/05\/oracao_terco_2021AF-1024x1024.png\" alt=\"\" class=\"wp-image-1424\" srcset=\"https:\/\/clunyportugal.com\/ppsjc\/wp-content\/uploads\/2021\/05\/oracao_terco_2021AF-1024x1024.png 1024w, https:\/\/clunyportugal.com\/ppsjc\/wp-content\/uploads\/2021\/05\/oracao_terco_2021AF-300x300.png 300w, https:\/\/clunyportugal.com\/ppsjc\/wp-content\/uploads\/2021\/05\/oracao_terco_2021AF-150x150.png 150w, https:\/\/clunyportugal.com\/ppsjc\/wp-content\/uploads\/2021\/05\/oracao_terco_2021AF-768x767.png 768w, https:\/\/clunyportugal.com\/ppsjc\/wp-content\/uploads\/2021\/05\/oracao_terco_2021AF-53x53.png 53w, https:\/\/clunyportugal.com\/ppsjc\/wp-content\/uploads\/2021\/05\/oracao_terco_2021AF-570x570.png 570w, https:\/\/clunyportugal.com\/ppsjc\/wp-content\/uploads\/2021\/05\/oracao_terco_2021AF-380x380.png 380w, https:\/\/clunyportugal.com\/ppsjc\/wp-content\/uploads\/2021\/05\/oracao_terco_2021AF-285x285.png 285w, https:\/\/clunyportugal.com\/ppsjc\/wp-content\/uploads\/2021\/05\/oracao_terco_2021AF.png 1286w\" sizes=\"auto, (max-width: 1024px) 100vw, 1024px\" \/><\/figure>\n\n\n\n<p>Vimos at\u00e9 v\u00f3s,\u00a0neste m\u00eas dedicado a Nossa Senhora, para vos fazer um convite muito especial.\u00a0<\/p>\n\n\n\n<p><strong>Amanh\u00e3, dia 12 de maio, pelas 21h30m<\/strong>,<strong>\u00a0ter\u00e1 lugar a Ora\u00e7\u00e3o do Ter\u00e7o dedicado a Nossa Senhora e A\u00e7\u00e3o de Gra\u00e7as pela Congrega\u00e7\u00e3o de S. Jos\u00e9 de Cluny\u00a0<\/strong>que celebra o seu 214.\u00ba anivers\u00e1rio. <br>Estaremos em uni\u00e3o espiritual com todos os Peregrinos de F\u00e1tima.<\/p>\n\n\n\n<p>Em tempos especiais, momentos diferentes do habitual&#8230; O local deste tempo de Ora\u00e7\u00e3o ser\u00e1 no conforto da vossa casa, atrav\u00e9s da plataforma\u00a0<em>Zoom<\/em>. O link ser\u00e1 este:<\/p>\n\n\n\n<p><a rel=\"noreferrer noopener\" href=\"https:\/\/videoconf-colibri.zoom.us\/j\/87986730322?pwd=cU5lYWVWdHZvbi9aeHVoQWpHMEhGZz09\" target=\"_blank\">https:\/\/videoconf-colibri.zoom.us\/j\/87986730322?pwd=cU5lYWVWdHZvbi9aeHVoQWpHMEhGZz09<\/a><\/p>\n\n\n\n<p>Password: 135764<\/p>\n","protected":false},"excerpt":{"rendered":"<p>Vimos at\u00e9 v\u00f3s,\u00a0neste m\u00eas dedicado a Nossa Senhora, para vos fazer um convite muito especial.\u00a0 Amanh\u00e3, dia 12 de maio, pelas 21h30m,\u00a0ter\u00e1 lugar a Ora\u00e7\u00e3o do Ter\u00e7o dedicado a Nossa Senhora e A\u00e7\u00e3o de Gra\u00e7as pela Congrega\u00e7\u00e3o de S. Jos\u00e9 de Cluny\u00a0que celebra o seu 214.\u00ba anivers\u00e1rio. Estaremos em uni\u00e3o espiritual com todos os Peregrinos [&hellip;]<\/p>\n<p class=\"more-link\"><a href=\"https:\/\/clunyportugal.com\/ppsjc\/2021\/05\/12\/oracao-do-terco\/\"  class=\"themebutton\">Read More<\/a><\/p>\n","protected":false},"author":1,"featured_media":1424,"comment_status":"closed","ping_status":"closed","sticky":false,"template":"","format":"standard","meta":{"footnotes":""},"categories":[1],"tags":[],"class_list":["post-1423","post","type-post","status-publish","format-standard","has-post-thumbnail","hentry","category-uncategorized"],"_links":{"self":[{"href":"https:\/\/clunyportugal.com\/ppsjc\/wp-json\/wp\/v2\/posts\/1423","targetHints":{"allow":["GET"]}}],"collection":[{"href":"https:\/\/clunyportugal.com\/ppsjc\/wp-json\/wp\/v2\/posts"}],"about":[{"href":"https:\/\/clunyportugal.com\/ppsjc\/wp-json\/wp\/v2\/types\/post"}],"author":[{"embeddable":true,"href":"https:\/\/clunyportugal.com\/ppsjc\/wp-json\/wp\/v2\/users\/1"}],"replies":[{"embeddable":true,"href":"https:\/\/clunyportugal.com\/ppsjc\/wp-json\/wp\/v2\/comments?post=1423"}],"version-history":[{"count":2,"href":"https:\/\/clunyportugal.com\/ppsjc\/wp-json\/wp\/v2\/posts\/1423\/revisions"}],"predecessor-version":[{"id":1426,"href":"https:\/\/clunyportugal.com\/ppsjc\/wp-json\/wp\/v2\/posts\/1423\/revisions\/1426"}],"wp:featuredmedia":[{"embeddable":true,"href":"https:\/\/clunyportugal.com\/ppsjc\/wp-json\/wp\/v2\/media\/1424"}],"wp:attachment":[{"href":"https:\/\/clunyportugal.com\/ppsjc\/wp-json\/wp\/v2\/media?parent=1423"}],"wp:term":[{"taxonomy":"category","embeddable":true,"href":"https:\/\/clunyportugal.com\/ppsjc\/wp-json\/wp\/v2\/categories?post=1423"},{"taxonomy":"post_tag","embeddable":true,"href":"https:\/\/clunyportugal.com\/ppsjc\/wp-json\/wp\/v2\/tags?post=1423"}],"curies":[{"name":"wp","href":"https:\/\/api.w.org\/{rel}","templated":true}]}}