{"id":1401,"date":"2021-04-29T11:01:03","date_gmt":"2021-04-29T11:01:03","guid":{"rendered":"https:\/\/clunyportugal.com\/ppsjc\/?p=1401"},"modified":"2021-04-29T14:29:15","modified_gmt":"2021-04-29T14:29:15","slug":"1401","status":"publish","type":"post","link":"https:\/\/clunyportugal.com\/ppsjc\/2021\/04\/29\/1401\/","title":{"rendered":"SOCORRER, ACOLHER, EDUCAR"},"content":{"rendered":"\n<h2 class=\"wp-block-heading\">Socorrer, acolher, educar, assumir todas as franjas sociais com qualidade.<\/h2>\n\n\n\n<figure class=\"wp-block-image size-large\"><img loading=\"lazy\" decoding=\"async\" width=\"1024\" height=\"687\" src=\"https:\/\/clunyportugal.com\/ppsjc\/wp-content\/uploads\/2021\/04\/jornal_IMG-2-1024x687.png\" alt=\"\" class=\"wp-image-1402\" srcset=\"https:\/\/clunyportugal.com\/ppsjc\/wp-content\/uploads\/2021\/04\/jornal_IMG-2-1024x687.png 1024w, https:\/\/clunyportugal.com\/ppsjc\/wp-content\/uploads\/2021\/04\/jornal_IMG-2-300x201.png 300w, https:\/\/clunyportugal.com\/ppsjc\/wp-content\/uploads\/2021\/04\/jornal_IMG-2-768x515.png 768w, https:\/\/clunyportugal.com\/ppsjc\/wp-content\/uploads\/2021\/04\/jornal_IMG-2-380x254.png 380w, https:\/\/clunyportugal.com\/ppsjc\/wp-content\/uploads\/2021\/04\/jornal_IMG-2-285x190.png 285w, https:\/\/clunyportugal.com\/ppsjc\/wp-content\/uploads\/2021\/04\/jornal_IMG-2.png 1214w\" sizes=\"auto, (max-width: 1024px) 100vw, 1024px\" \/><\/figure>\n\n\n\n<p>Nascida em Tr\u00e1s-os-Montes, foi para Angola aos 15 anos; consagrou-se na Congrega\u00e7\u00e3o de S\u00e3o Jos\u00e9 de Cluny, j\u00e1 l\u00e1 v\u00e3o 60 anos, tanto quantos a sua liga\u00e7\u00e3o ao ensino, e est\u00e1 como Diretora Geral do Col\u00e9gio Rainha Santa Isabel, de Coimbra, h\u00e1 33 anos, 21 dos quais como Diretora Pedag\u00f3gica. Formada em Hist\u00f3ria, adquiriu m\u00faltiplas compet\u00eancias acad\u00e9micas e profissionais na pedagogia, gest\u00e3o escolar e teologia. \u00c9 a Irm\u00e3 Maria da Gl\u00f3ria, que nos fala da sua Congrega\u00e7\u00e3o \u2013 carisma e a\u00e7\u00e3o \u2013 e dos segredos do sucesso do Col\u00e9gio que dirige.<\/p>\n\n\n\n<h2 class=\"has-vivid-cyan-blue-color has-text-color wp-block-heading\"><strong>CORREIO DE COIMBRA<\/strong><\/h2>\n\n\n\n<p><strong>Irm\u00e3 Maria da Gl\u00f3ria, gostaria de situar a nossa conversa sob tr\u00eas planos principais: o carisma da Congrega\u00e7\u00e3o de S\u00e3o Jos\u00e9 de Cluny, lido \u00e0 luz do Ano de S\u00e3o Jos\u00e9, que creio ser o santo patrono das Irm\u00e3s, e, naturalmente, \u00e0 luz de Ana Maria Javouhey, a fundadora; as voca\u00e7\u00f5es de consagra\u00e7\u00e3o, no contexto do Dia Mundial de Ora\u00e7\u00e3o pelas Voca\u00e7\u00f5es<\/strong>&nbsp;<strong>que celebr\u00e1mos no \u00faltimo domingo; e, naturalmente, a a\u00e7\u00e3o das Irm\u00e3s em Coimbra, nomeadamente atrav\u00e9s do Col\u00e9gio Rainha Santa Isabel. Comecemos pela Congrega\u00e7\u00e3o. Como surge? Com que miss\u00e3o?<\/strong><\/p>\n\n\n\n<h2 class=\"has-vivid-cyan-blue-color has-text-color wp-block-heading\"><strong>MARIA DA GL\u00d3RIA<\/strong><\/h2>\n\n\n\n<p>A Congrega\u00e7\u00e3o foi fundada pela bem-aventurada Ana Maria Javouhey, nascida em 1779, 10 anos antes da revolu\u00e7\u00e3o francesa. Ainda crian\u00e7a, no in\u00edcio da Revolu\u00e7\u00e3o, d\u00e1-se conta de que as crian\u00e7as da sua terra ficaram sem&nbsp;qualquer apoio a n\u00edvel de ensino e catequese. Viva como era, come\u00e7a a reuni-las para as ensinar a ler, escrever e contar; torna-se tamb\u00e9m a catequista do lugar. Presta j\u00e1, assim, um servi\u00e7o enorme \u00e0 comunidade. Aos 19 anos, na presen\u00e7a da fam\u00edlia, consagra-se a Deus numa cerim\u00f3nia \u00edntima. A partir desta data, alarga o seu apostolado animando as fam\u00edlias na viv\u00eancia da f\u00e9. Em tempos de Revolu\u00e7\u00e3o os sacerdotes s\u00e3o perseguidos. Cheia da coragem e entusiasmo pelos Arautos de Deus, acolhe e propicia aos sacerdotes a sua Miss\u00e3o de reavivar a F\u00e9. Com risco da pr\u00f3pria vida acompanha-os, durante a noite, \u00e0 cabeceira dos doentes e dos moribundos. \u00c9 um in\u00edcio de vida cheio de aud\u00e1cia, marcado por forte dinamismo, certamente muito acolhido por Deus, que&nbsp;a vai sempre gratificando interiormente. Em 1806, numa certa abertura de Napole\u00e3o \u00e0 Igreja, os Estatutos iniciais da nossa Congrega\u00e7\u00e3o foram assinados pelo pr\u00f3prio Napole\u00e3o! E a 12 de maio de 1807 realiza-se o sonho de Ana Maria com a funda\u00e7\u00e3o da Congrega\u00e7\u00e3o das Irm\u00e3s de S\u00e3o Jos\u00e9. Portanto, diria que somos uma Congrega\u00e7\u00e3o que teve logo desde o princ\u00edpio este amparo da Igreja e do Estado.<\/p>\n\n\n\n<h2 class=\"has-vivid-cyan-blue-color has-text-color wp-block-heading\"><strong>E em que medida \u00e9 que a Congrega\u00e7\u00e3o \u00e9 informada pela espiritualidade S\u00e3o Jos\u00e9?<\/strong><\/h2>\n\n\n\n<p>Consta que a Ana Maria ter\u00e1 tido uma vis\u00e3o de crian\u00e7as de todo o mundo a estender-lhe as m\u00e3os e de Santa Teresa a dizer-lhe \u201cEu serei uma das protetoras da tua Congrega\u00e7\u00e3o\u201d. Devido ao facto de Santa Teresa ter colocado S\u00e3o Jos\u00e9 como Padroeiro das comunidades carmelitas que foi fundando, levou a nossa Fundadora a escolh\u00ea-lo tamb\u00e9m como Padroeiro da nossa Congrega\u00e7\u00e3o. E assim se entregou a S\u00e3o Jos\u00e9 o cuidado da Congrega\u00e7\u00e3o. Posteriormente acrescentou-se de Cluny, por ser nesta cidade, que, na altura, era a sede da Casa M\u00e3e da Congrega\u00e7\u00e3o, assim como o principal noviciado.<\/p>\n\n\n\n<p>O que aprendeu Ana Maria Javouhey com S\u00e3o Jos\u00e9? Aprendeu com S\u00e3o Jos\u00e9 a dar a Deus uma resposta imediata! \u2013&nbsp;<em>\u201cDeus falou,<\/em>&nbsp;<em>ser\u00e1 obedecido\u201d, dizia ela com todo o vigor!<\/em>&nbsp;Fosse para o que fosse, sem medo, revestida de uma for\u00e7a que era impens\u00e1vel sem ser divina! Sem medo, Ana Maria Javouhey vai abra\u00e7ando todas as iniciativas de servi\u00e7o aos outros. Pouco depois de ter fundado a Congrega\u00e7\u00e3o, em Chalon-sur-Sa\u00f4ne, vai para Paris, o centro da governa\u00e7\u00e3o. Era uma jovem religiosa alde\u00e3, sem conhecer l\u00e1 ningu\u00e9m, mas sem medo! \u00c9 deste centro urbano que toda a difus\u00e3o e toda a obra da Congrega\u00e7\u00e3o se expande. Aqui se constata a grande confian\u00e7a em Deus, no seguimento de S\u00e3o Jos\u00e9! Portanto, de S\u00e3o Jos\u00e9 recebemos a prontid\u00e3o na resposta ao apelo de Deus, o trabalho humilde e silencioso, o fazer o Bem sem olhar a quem!. Ana Maria queria estar em toda a parte onde houvesse sofrimento e dor, bem a fazer. Para ela era fundamental acolher e servir positivamente todos os \u00f3rf\u00e3os e pobres que ningu\u00e9m queria. Ela dava e dava-se sem medida para os ajudar a sentirem-se amados por Deus e reconhecidos pela sociedade.<\/p>\n\n\n\n<h2 class=\"has-vivid-cyan-blue-color has-text-color wp-block-heading\"><strong>Sei que a Congrega\u00e7\u00e3o se expandiu rapidamente\u2026&nbsp;<\/strong><\/h2>\n\n\n\n<p>Verdade. Em Paris, Ana Maria inicia um m\u00e9todo pedag\u00f3gico que a torna rapidamente muito conhecida e solicitada pelas au- toridades da Igreja, p\u00fablicas e so- ciais para que a Congrega\u00e7\u00e3o se expanda pelo mundo: primeiro, para a ilha Francesa da Reuni\u00e3o;<\/p>\n\n\n\n<p><a href=\"https:\/\/clunyportugal.com\/ppsjc\/wp-content\/uploads\/2021\/04\/jornal_IMG.pdf\" target=\"_blank\" rel=\"noreferrer noopener\">LEIA AQUI A NOT\u00cdCIA COMPLETA<\/a><\/p>\n\n\n\n<p>Not\u00edcia: CORREIO DE COIMBRA Edi\u00e7\u00e3o 4832 de 29 abril 2021<\/p>\n","protected":false},"excerpt":{"rendered":"<p>Socorrer, acolher, educar, assumir todas as franjas sociais com qualidade. Nascida em Tr\u00e1s-os-Montes, foi para Angola aos 15 anos; consagrou-se na Congrega\u00e7\u00e3o de S\u00e3o Jos\u00e9 de Cluny, j\u00e1 l\u00e1 v\u00e3o 60 anos, tanto quantos a sua liga\u00e7\u00e3o ao ensino, e est\u00e1 como Diretora Geral do Col\u00e9gio Rainha Santa Isabel, de Coimbra, h\u00e1 33 anos, 21 [&hellip;]<\/p>\n<p class=\"more-link\"><a href=\"https:\/\/clunyportugal.com\/ppsjc\/2021\/04\/29\/1401\/\"  class=\"themebutton\">Read More<\/a><\/p>\n","protected":false},"author":1,"featured_media":1402,"comment_status":"closed","ping_status":"closed","sticky":false,"template":"","format":"standard","meta":{"footnotes":""},"categories":[1],"tags":[],"class_list":["post-1401","post","type-post","status-publish","format-standard","has-post-thumbnail","hentry","category-uncategorized"],"_links":{"self":[{"href":"https:\/\/clunyportugal.com\/ppsjc\/wp-json\/wp\/v2\/posts\/1401","targetHints":{"allow":["GET"]}}],"collection":[{"href":"https:\/\/clunyportugal.com\/ppsjc\/wp-json\/wp\/v2\/posts"}],"about":[{"href":"https:\/\/clunyportugal.com\/ppsjc\/wp-json\/wp\/v2\/types\/post"}],"author":[{"embeddable":true,"href":"https:\/\/clunyportugal.com\/ppsjc\/wp-json\/wp\/v2\/users\/1"}],"replies":[{"embeddable":true,"href":"https:\/\/clunyportugal.com\/ppsjc\/wp-json\/wp\/v2\/comments?post=1401"}],"version-history":[{"count":2,"href":"https:\/\/clunyportugal.com\/ppsjc\/wp-json\/wp\/v2\/posts\/1401\/revisions"}],"predecessor-version":[{"id":1405,"href":"https:\/\/clunyportugal.com\/ppsjc\/wp-json\/wp\/v2\/posts\/1401\/revisions\/1405"}],"wp:featuredmedia":[{"embeddable":true,"href":"https:\/\/clunyportugal.com\/ppsjc\/wp-json\/wp\/v2\/media\/1402"}],"wp:attachment":[{"href":"https:\/\/clunyportugal.com\/ppsjc\/wp-json\/wp\/v2\/media?parent=1401"}],"wp:term":[{"taxonomy":"category","embeddable":true,"href":"https:\/\/clunyportugal.com\/ppsjc\/wp-json\/wp\/v2\/categories?post=1401"},{"taxonomy":"post_tag","embeddable":true,"href":"https:\/\/clunyportugal.com\/ppsjc\/wp-json\/wp\/v2\/tags?post=1401"}],"curies":[{"name":"wp","href":"https:\/\/api.w.org\/{rel}","templated":true}]}}