{"id":1367,"date":"2021-03-28T18:43:30","date_gmt":"2021-03-28T18:43:30","guid":{"rendered":"https:\/\/clunyportugal.com\/ppsjc\/?p=1367"},"modified":"2021-03-28T18:43:32","modified_gmt":"2021-03-28T18:43:32","slug":"iv-noite-internacional-cluny","status":"publish","type":"post","link":"https:\/\/clunyportugal.com\/ppsjc\/2021\/03\/28\/iv-noite-internacional-cluny\/","title":{"rendered":"IV NOITE INTERNACIONAL CLUNY"},"content":{"rendered":"\n<h2 class=\"wp-block-heading\">A LUZ N\u00c3O SE EXTINGUIU NA NOITE&#8230; VIVE!!!<\/h2>\n\n\n\n<figure class=\"wp-block-image size-large\"><img loading=\"lazy\" decoding=\"async\" width=\"940\" height=\"788\" src=\"https:\/\/clunyportugal.com\/ppsjc\/wp-content\/uploads\/2021\/03\/IV_noite_cluny.jpeg\" alt=\"\" class=\"wp-image-1368\" srcset=\"https:\/\/clunyportugal.com\/ppsjc\/wp-content\/uploads\/2021\/03\/IV_noite_cluny.jpeg 940w, https:\/\/clunyportugal.com\/ppsjc\/wp-content\/uploads\/2021\/03\/IV_noite_cluny-300x251.jpeg 300w, https:\/\/clunyportugal.com\/ppsjc\/wp-content\/uploads\/2021\/03\/IV_noite_cluny-768x644.jpeg 768w\" sizes=\"auto, (max-width: 940px) 100vw, 940px\" \/><\/figure>\n\n\n\n<p class=\"has-large-font-size\"><strong>T\u00f3pico: IV NOITE CLUNY<\/strong><br>28 mar. 2021 19:15 Lisboa<\/p>\n\n\n\n<p>Entrar na reuni\u00e3o Zoom<br>https:\/\/us02web.zoom.us\/j\/84410223987?pwd=T0cyR2I5cW9QODJOZ1ZaaDZOQ05PQT09<\/p>\n\n\n\n<p>ID da reuni\u00e3o: 844 1022 3987<br>Senha de acesso: CLUNY<\/p>\n\n\n\n<figure class=\"wp-block-image size-large\"><img loading=\"lazy\" decoding=\"async\" width=\"1024\" height=\"583\" src=\"https:\/\/clunyportugal.com\/ppsjc\/wp-content\/uploads\/2021\/03\/encontro_cluny_internacional-1024x583.jpeg\" alt=\"\" class=\"wp-image-1369\" srcset=\"https:\/\/clunyportugal.com\/ppsjc\/wp-content\/uploads\/2021\/03\/encontro_cluny_internacional-1024x583.jpeg 1024w, https:\/\/clunyportugal.com\/ppsjc\/wp-content\/uploads\/2021\/03\/encontro_cluny_internacional-300x171.jpeg 300w, https:\/\/clunyportugal.com\/ppsjc\/wp-content\/uploads\/2021\/03\/encontro_cluny_internacional-768x438.jpeg 768w, https:\/\/clunyportugal.com\/ppsjc\/wp-content\/uploads\/2021\/03\/encontro_cluny_internacional-1536x875.jpeg 1536w, https:\/\/clunyportugal.com\/ppsjc\/wp-content\/uploads\/2021\/03\/encontro_cluny_internacional.jpeg 1641w\" sizes=\"auto, (max-width: 1024px) 100vw, 1024px\" \/><\/figure>\n","protected":false},"excerpt":{"rendered":"<p>A LUZ N\u00c3O SE EXTINGUIU NA NOITE&#8230; VIVE!!! T\u00f3pico: IV NOITE CLUNY28 mar. 2021 19:15 Lisboa Entrar na reuni\u00e3o Zoomhttps:\/\/us02web.zoom.us\/j\/84410223987?pwd=T0cyR2I5cW9QODJOZ1ZaaDZOQ05PQT09 ID da reuni\u00e3o: 844 1022 3987Senha de acesso: CLUNY<\/p>\n","protected":false},"author":1,"featured_media":1368,"comment_status":"closed","ping_status":"closed","sticky":false,"template":"","format":"standard","meta":{"footnotes":""},"categories":[1],"tags":[],"class_list":["post-1367","post","type-post","status-publish","format-standard","has-post-thumbnail","hentry","category-uncategorized"],"_links":{"self":[{"href":"https:\/\/clunyportugal.com\/ppsjc\/wp-json\/wp\/v2\/posts\/1367","targetHints":{"allow":["GET"]}}],"collection":[{"href":"https:\/\/clunyportugal.com\/ppsjc\/wp-json\/wp\/v2\/posts"}],"about":[{"href":"https:\/\/clunyportugal.com\/ppsjc\/wp-json\/wp\/v2\/types\/post"}],"author":[{"embeddable":true,"href":"https:\/\/clunyportugal.com\/ppsjc\/wp-json\/wp\/v2\/users\/1"}],"replies":[{"embeddable":true,"href":"https:\/\/clunyportugal.com\/ppsjc\/wp-json\/wp\/v2\/comments?post=1367"}],"version-history":[{"count":1,"href":"https:\/\/clunyportugal.com\/ppsjc\/wp-json\/wp\/v2\/posts\/1367\/revisions"}],"predecessor-version":[{"id":1370,"href":"https:\/\/clunyportugal.com\/ppsjc\/wp-json\/wp\/v2\/posts\/1367\/revisions\/1370"}],"wp:featuredmedia":[{"embeddable":true,"href":"https:\/\/clunyportugal.com\/ppsjc\/wp-json\/wp\/v2\/media\/1368"}],"wp:attachment":[{"href":"https:\/\/clunyportugal.com\/ppsjc\/wp-json\/wp\/v2\/media?parent=1367"}],"wp:term":[{"taxonomy":"category","embeddable":true,"href":"https:\/\/clunyportugal.com\/ppsjc\/wp-json\/wp\/v2\/categories?post=1367"},{"taxonomy":"post_tag","embeddable":true,"href":"https:\/\/clunyportugal.com\/ppsjc\/wp-json\/wp\/v2\/tags?post=1367"}],"curies":[{"name":"wp","href":"https:\/\/api.w.org\/{rel}","templated":true}]}}