{"id":1316,"date":"2021-01-09T21:38:09","date_gmt":"2021-01-09T21:38:09","guid":{"rendered":"https:\/\/clunyportugal.com\/ppsjc\/?p=1316"},"modified":"2021-01-09T21:44:16","modified_gmt":"2021-01-09T21:44:16","slug":"viagem-missionaria-voluntarios-cluny-acores","status":"publish","type":"post","link":"https:\/\/clunyportugal.com\/ppsjc\/2021\/01\/09\/viagem-missionaria-voluntarios-cluny-acores\/","title":{"rendered":"VIAGEM MISSION\u00c1RIA CLUNY A\u00c7ORES"},"content":{"rendered":"\n<p class=\"has-large-font-size\"><strong>VOLUNT\u00c1RIOS CLUNY DOS A\u00c7ORES<\/strong><\/p>\n\n\n\n<p>Os Volunt\u00e1rios Mission\u00e1rios Cluny dos A\u00e7ores organizaram uma entrega de refei\u00e7\u00f5es aos sem abrigo procurando, ao jeito de Ana Maria Javouhey, estar em toda a parte onde h\u00e1 bem a fazer e sofrimento a aliviar.<\/p>\n\n\n\n<figure class=\"wp-block-audio\"><audio controls src=\"https:\/\/clunyportugal.com\/ppsjc\/wp-content\/uploads\/2021\/01\/Programa_de_radio_Madeira.mp3\"><\/audio><figcaption>Programa de R\u00e1dio Igreja A\u00e7ores (entrevista a uma Jovem Mission\u00e1ria Cluny)<\/figcaption><\/figure>\n\n\n\n<p>Programa Completo<\/p>\n\n\n\n<figure class=\"wp-block-embed is-type-video is-provider-youtube wp-block-embed-youtube wp-embed-aspect-16-9 wp-has-aspect-ratio\"><div class=\"wp-block-embed__wrapper\">\n<iframe loading=\"lazy\"  id=\"_ytid_56008\"  width=\"1170\" height=\"658\"  data-origwidth=\"1170\" data-origheight=\"658\" src=\"https:\/\/www.youtube.com\/embed\/LiLOSFmo_ZU?enablejsapi=1&#038;autoplay=0&#038;cc_load_policy=0&#038;cc_lang_pref=&#038;iv_load_policy=1&#038;loop=0&#038;rel=1&#038;fs=1&#038;playsinline=0&#038;autohide=2&#038;theme=dark&#038;color=red&#038;controls=1&#038;disablekb=0&#038;\" class=\"__youtube_prefs__  epyt-is-override  no-lazyload\" title=\"YouTube player\"  allow=\"fullscreen; accelerometer; autoplay; clipboard-write; encrypted-media; gyroscope; picture-in-picture; web-share\" referrerpolicy=\"strict-origin-when-cross-origin\" allowfullscreen data-no-lazy=\"1\" data-skipgform_ajax_framebjll=\"\"><\/iframe>\n<\/div><\/figure>\n","protected":false},"excerpt":{"rendered":"<p>VOLUNT\u00c1RIOS CLUNY DOS A\u00c7ORES Os Volunt\u00e1rios Mission\u00e1rios Cluny dos A\u00e7ores organizaram uma entrega de refei\u00e7\u00f5es aos sem abrigo procurando, ao jeito de Ana Maria Javouhey, estar em toda a parte onde h\u00e1 bem a fazer e sofrimento a aliviar. Programa Completo<\/p>\n","protected":false},"author":1,"featured_media":1326,"comment_status":"closed","ping_status":"closed","sticky":false,"template":"","format":"standard","meta":{"footnotes":""},"categories":[1],"tags":[],"class_list":["post-1316","post","type-post","status-publish","format-standard","has-post-thumbnail","hentry","category-uncategorized"],"_links":{"self":[{"href":"https:\/\/clunyportugal.com\/ppsjc\/wp-json\/wp\/v2\/posts\/1316","targetHints":{"allow":["GET"]}}],"collection":[{"href":"https:\/\/clunyportugal.com\/ppsjc\/wp-json\/wp\/v2\/posts"}],"about":[{"href":"https:\/\/clunyportugal.com\/ppsjc\/wp-json\/wp\/v2\/types\/post"}],"author":[{"embeddable":true,"href":"https:\/\/clunyportugal.com\/ppsjc\/wp-json\/wp\/v2\/users\/1"}],"replies":[{"embeddable":true,"href":"https:\/\/clunyportugal.com\/ppsjc\/wp-json\/wp\/v2\/comments?post=1316"}],"version-history":[{"count":3,"href":"https:\/\/clunyportugal.com\/ppsjc\/wp-json\/wp\/v2\/posts\/1316\/revisions"}],"predecessor-version":[{"id":1327,"href":"https:\/\/clunyportugal.com\/ppsjc\/wp-json\/wp\/v2\/posts\/1316\/revisions\/1327"}],"wp:featuredmedia":[{"embeddable":true,"href":"https:\/\/clunyportugal.com\/ppsjc\/wp-json\/wp\/v2\/media\/1326"}],"wp:attachment":[{"href":"https:\/\/clunyportugal.com\/ppsjc\/wp-json\/wp\/v2\/media?parent=1316"}],"wp:term":[{"taxonomy":"category","embeddable":true,"href":"https:\/\/clunyportugal.com\/ppsjc\/wp-json\/wp\/v2\/categories?post=1316"},{"taxonomy":"post_tag","embeddable":true,"href":"https:\/\/clunyportugal.com\/ppsjc\/wp-json\/wp\/v2\/tags?post=1316"}],"curies":[{"name":"wp","href":"https:\/\/api.w.org\/{rel}","templated":true}]}}