{"id":1310,"date":"2021-01-09T21:20:06","date_gmt":"2021-01-09T21:20:06","guid":{"rendered":"https:\/\/clunyportugal.com\/ppsjc\/?p=1310"},"modified":"2021-01-09T21:20:08","modified_gmt":"2021-01-09T21:20:08","slug":"missionarios-cluny-dos-acores","status":"publish","type":"post","link":"https:\/\/clunyportugal.com\/ppsjc\/2021\/01\/09\/missionarios-cluny-dos-acores\/","title":{"rendered":"MISSION\u00c1RIOS CLUNY DOS A\u00c7ORES"},"content":{"rendered":"\n<p>Os Volunt\u00e1rios Mission\u00e1rios Cluny dos A\u00e7ores organizaram uma entrega de refei\u00e7\u00f5es aos sem abrigo procurando, ao jeito de Ana Maria Javouhey, estar em toda a parte onde h\u00e1 bem a fazer e sofrimento a aliviar. <\/p>\n\n\n\n<figure class=\"wp-block-gallery columns-1 is-cropped wp-block-gallery-1 is-layout-flex wp-block-gallery-is-layout-flex\"><ul class=\"blocks-gallery-grid\"><li class=\"blocks-gallery-item\"><figure><img loading=\"lazy\" decoding=\"async\" width=\"1024\" height=\"566\" src=\"https:\/\/clunyportugal.com\/ppsjc\/wp-content\/uploads\/2021\/01\/distribuicao_alimentar_sem_abrigo_acores_2-1024x566.jpg\" alt=\"\" data-id=\"1311\" data-full-url=\"https:\/\/clunyportugal.com\/ppsjc\/wp-content\/uploads\/2021\/01\/distribuicao_alimentar_sem_abrigo_acores_2.jpg\" data-link=\"https:\/\/clunyportugal.com\/ppsjc\/?attachment_id=1311#main\" class=\"wp-image-1311\" srcset=\"https:\/\/clunyportugal.com\/ppsjc\/wp-content\/uploads\/2021\/01\/distribuicao_alimentar_sem_abrigo_acores_2-1024x566.jpg 1024w, https:\/\/clunyportugal.com\/ppsjc\/wp-content\/uploads\/2021\/01\/distribuicao_alimentar_sem_abrigo_acores_2-300x166.jpg 300w, https:\/\/clunyportugal.com\/ppsjc\/wp-content\/uploads\/2021\/01\/distribuicao_alimentar_sem_abrigo_acores_2-768x424.jpg 768w, https:\/\/clunyportugal.com\/ppsjc\/wp-content\/uploads\/2021\/01\/distribuicao_alimentar_sem_abrigo_acores_2-1536x849.jpg 1536w, https:\/\/clunyportugal.com\/ppsjc\/wp-content\/uploads\/2021\/01\/distribuicao_alimentar_sem_abrigo_acores_2.jpg 1725w\" sizes=\"auto, (max-width: 1024px) 100vw, 1024px\" \/><\/figure><\/li><li class=\"blocks-gallery-item\"><figure><img loading=\"lazy\" decoding=\"async\" width=\"1024\" height=\"570\" src=\"https:\/\/clunyportugal.com\/ppsjc\/wp-content\/uploads\/2021\/01\/distribuicao_alimentar_sem_abrigo-1024x570.png\" alt=\"\" data-id=\"1312\" data-full-url=\"https:\/\/clunyportugal.com\/ppsjc\/wp-content\/uploads\/2021\/01\/distribuicao_alimentar_sem_abrigo.png\" data-link=\"https:\/\/clunyportugal.com\/ppsjc\/?attachment_id=1312#main\" class=\"wp-image-1312\" srcset=\"https:\/\/clunyportugal.com\/ppsjc\/wp-content\/uploads\/2021\/01\/distribuicao_alimentar_sem_abrigo-1024x570.png 1024w, https:\/\/clunyportugal.com\/ppsjc\/wp-content\/uploads\/2021\/01\/distribuicao_alimentar_sem_abrigo-300x167.png 300w, https:\/\/clunyportugal.com\/ppsjc\/wp-content\/uploads\/2021\/01\/distribuicao_alimentar_sem_abrigo-768x427.png 768w, https:\/\/clunyportugal.com\/ppsjc\/wp-content\/uploads\/2021\/01\/distribuicao_alimentar_sem_abrigo-1536x854.png 1536w, https:\/\/clunyportugal.com\/ppsjc\/wp-content\/uploads\/2021\/01\/distribuicao_alimentar_sem_abrigo.png 1548w\" sizes=\"auto, (max-width: 1024px) 100vw, 1024px\" \/><\/figure><\/li><\/ul><\/figure>\n\n\n\n<p>Numa atividade dinamizada pelo grupo, apoiada pelos familiares e Irm\u00e3s do Col\u00e9gio S. Francisco Xavier, da Congrega\u00e7\u00e3o de S. Jos\u00e9 de Cluny, estes jovens universit\u00e1rios ofereceram do seu tempo experimentando uma enorme gratid\u00e3o por esta iniciativa.<\/p>\n\n\n\n<p>A todos e a cada um o nosso Bem Haja(m ) pelo vosso dinamismo, e esp\u00edrito Mission\u00e1rio!!!<\/p>\n","protected":false},"excerpt":{"rendered":"<p>Os Volunt\u00e1rios Mission\u00e1rios Cluny dos A\u00e7ores organizaram uma entrega de refei\u00e7\u00f5es aos sem abrigo procurando, ao jeito de Ana Maria Javouhey, estar em toda a parte onde h\u00e1 bem a fazer e sofrimento a aliviar. Numa atividade dinamizada pelo grupo, apoiada pelos familiares e Irm\u00e3s do Col\u00e9gio S. Francisco Xavier, da Congrega\u00e7\u00e3o de S. Jos\u00e9 [&hellip;]<\/p>\n<p class=\"more-link\"><a href=\"https:\/\/clunyportugal.com\/ppsjc\/2021\/01\/09\/missionarios-cluny-dos-acores\/\"  class=\"themebutton\">Read More<\/a><\/p>\n","protected":false},"author":1,"featured_media":1314,"comment_status":"closed","ping_status":"closed","sticky":false,"template":"","format":"standard","meta":{"footnotes":""},"categories":[1],"tags":[],"class_list":["post-1310","post","type-post","status-publish","format-standard","has-post-thumbnail","hentry","category-uncategorized"],"_links":{"self":[{"href":"https:\/\/clunyportugal.com\/ppsjc\/wp-json\/wp\/v2\/posts\/1310","targetHints":{"allow":["GET"]}}],"collection":[{"href":"https:\/\/clunyportugal.com\/ppsjc\/wp-json\/wp\/v2\/posts"}],"about":[{"href":"https:\/\/clunyportugal.com\/ppsjc\/wp-json\/wp\/v2\/types\/post"}],"author":[{"embeddable":true,"href":"https:\/\/clunyportugal.com\/ppsjc\/wp-json\/wp\/v2\/users\/1"}],"replies":[{"embeddable":true,"href":"https:\/\/clunyportugal.com\/ppsjc\/wp-json\/wp\/v2\/comments?post=1310"}],"version-history":[{"count":1,"href":"https:\/\/clunyportugal.com\/ppsjc\/wp-json\/wp\/v2\/posts\/1310\/revisions"}],"predecessor-version":[{"id":1315,"href":"https:\/\/clunyportugal.com\/ppsjc\/wp-json\/wp\/v2\/posts\/1310\/revisions\/1315"}],"wp:featuredmedia":[{"embeddable":true,"href":"https:\/\/clunyportugal.com\/ppsjc\/wp-json\/wp\/v2\/media\/1314"}],"wp:attachment":[{"href":"https:\/\/clunyportugal.com\/ppsjc\/wp-json\/wp\/v2\/media?parent=1310"}],"wp:term":[{"taxonomy":"category","embeddable":true,"href":"https:\/\/clunyportugal.com\/ppsjc\/wp-json\/wp\/v2\/categories?post=1310"},{"taxonomy":"post_tag","embeddable":true,"href":"https:\/\/clunyportugal.com\/ppsjc\/wp-json\/wp\/v2\/tags?post=1310"}],"curies":[{"name":"wp","href":"https:\/\/api.w.org\/{rel}","templated":true}]}}