{"id":1306,"date":"2021-01-09T21:10:34","date_gmt":"2021-01-09T21:10:34","guid":{"rendered":"https:\/\/clunyportugal.com\/ppsjc\/?p=1306"},"modified":"2021-01-09T21:10:36","modified_gmt":"2021-01-09T21:10:36","slug":"voluntarios-cluny-do-porto","status":"publish","type":"post","link":"https:\/\/clunyportugal.com\/ppsjc\/2021\/01\/09\/voluntarios-cluny-do-porto\/","title":{"rendered":"VOLUNT\u00c1RIOS CLUNY DO PORTO"},"content":{"rendered":"\n<p class=\"has-large-font-size\"><strong>Volunt\u00e1rios Mission\u00e1rios Cluny do Porto promovem noite com Ana Maria\u00a0Javouhey<\/strong><\/p>\n\n\n\n<p>Um encontro de partilha e ora\u00e7\u00e3o que passou por testemunhos de Irm\u00e3s e leigos associados \u00e0 Congrega\u00e7\u00e3o S. Jos\u00e9 de Cluny. <\/p>\n\n\n\n<p>Presentes estiveram Irm\u00e3s de v\u00e1rias comunidades de Portugal incluindo Madeira e A\u00e7ores, jovens universit\u00e1rios, leigos associados, colaboradores de Col\u00e9gios, IPSS, v\u00e1rias pessoas amigas e familiares das Irm\u00e3s.<\/p>\n\n\n\n<p>A sua Luz n\u00e3o se extinguiu na noite\u2026 Vive!!! Confiantes que a luz de Ana Maria\u00a0Javouhey, vive e est\u00e1 presente, hoje, na entrega di\u00e1ria de cada Irm\u00e3, leigo associado e jovens a este carisma ligados, foi importante para este grupo de volunt\u00e1rios mission\u00e1rios Cluny, do Porto, promover este encontro para louvar e agradecer a Deus o dom desta Mulher \u00e0 Igreja.<\/p>\n\n\n\n<p><strong>Excelente iniciativa!!! Obrigada pelo vosso testemunho mission\u00e1rio!!!<\/strong><\/p>\n\n\n\n<figure class=\"wp-block-gallery columns-1 is-cropped wp-block-gallery-1 is-layout-flex wp-block-gallery-is-layout-flex\"><ul class=\"blocks-gallery-grid\"><li class=\"blocks-gallery-item\"><figure><img loading=\"lazy\" decoding=\"async\" width=\"1024\" height=\"575\" src=\"https:\/\/clunyportugal.com\/ppsjc\/wp-content\/uploads\/2021\/01\/Missionarios-Cluny-Porto--1024x575.jpg\" alt=\"\" data-id=\"1307\" data-full-url=\"https:\/\/clunyportugal.com\/ppsjc\/wp-content\/uploads\/2021\/01\/Missionarios-Cluny-Porto-.jpg\" data-link=\"https:\/\/clunyportugal.com\/ppsjc\/?attachment_id=1307#main\" class=\"wp-image-1307\" srcset=\"https:\/\/clunyportugal.com\/ppsjc\/wp-content\/uploads\/2021\/01\/Missionarios-Cluny-Porto--1024x575.jpg 1024w, https:\/\/clunyportugal.com\/ppsjc\/wp-content\/uploads\/2021\/01\/Missionarios-Cluny-Porto--300x169.jpg 300w, https:\/\/clunyportugal.com\/ppsjc\/wp-content\/uploads\/2021\/01\/Missionarios-Cluny-Porto--768x432.jpg 768w, https:\/\/clunyportugal.com\/ppsjc\/wp-content\/uploads\/2021\/01\/Missionarios-Cluny-Porto--1536x863.jpg 1536w, https:\/\/clunyportugal.com\/ppsjc\/wp-content\/uploads\/2021\/01\/Missionarios-Cluny-Porto-.jpg 1751w\" sizes=\"auto, (max-width: 1024px) 100vw, 1024px\" \/><\/figure><\/li><li class=\"blocks-gallery-item\"><figure><img loading=\"lazy\" decoding=\"async\" width=\"1024\" height=\"575\" src=\"https:\/\/clunyportugal.com\/ppsjc\/wp-content\/uploads\/2021\/01\/Missionarios-Cluny-Porto-1-1024x575.jpg\" alt=\"\" data-id=\"1308\" data-full-url=\"https:\/\/clunyportugal.com\/ppsjc\/wp-content\/uploads\/2021\/01\/Missionarios-Cluny-Porto-1.jpg\" data-link=\"https:\/\/clunyportugal.com\/ppsjc\/?attachment_id=1308#main\" class=\"wp-image-1308\" srcset=\"https:\/\/clunyportugal.com\/ppsjc\/wp-content\/uploads\/2021\/01\/Missionarios-Cluny-Porto-1-1024x575.jpg 1024w, https:\/\/clunyportugal.com\/ppsjc\/wp-content\/uploads\/2021\/01\/Missionarios-Cluny-Porto-1-300x169.jpg 300w, https:\/\/clunyportugal.com\/ppsjc\/wp-content\/uploads\/2021\/01\/Missionarios-Cluny-Porto-1-768x431.jpg 768w, https:\/\/clunyportugal.com\/ppsjc\/wp-content\/uploads\/2021\/01\/Missionarios-Cluny-Porto-1-1536x863.jpg 1536w, https:\/\/clunyportugal.com\/ppsjc\/wp-content\/uploads\/2021\/01\/Missionarios-Cluny-Porto-1.jpg 1844w\" sizes=\"auto, (max-width: 1024px) 100vw, 1024px\" \/><\/figure><\/li><\/ul><\/figure>\n","protected":false},"excerpt":{"rendered":"<p>Volunt\u00e1rios Mission\u00e1rios Cluny do Porto promovem noite com Ana Maria\u00a0Javouhey Um encontro de partilha e ora\u00e7\u00e3o que passou por testemunhos de Irm\u00e3s e leigos associados \u00e0 Congrega\u00e7\u00e3o S. Jos\u00e9 de Cluny. Presentes estiveram Irm\u00e3s de v\u00e1rias comunidades de Portugal incluindo Madeira e A\u00e7ores, jovens universit\u00e1rios, leigos associados, colaboradores de Col\u00e9gios, IPSS, v\u00e1rias pessoas amigas e [&hellip;]<\/p>\n<p class=\"more-link\"><a href=\"https:\/\/clunyportugal.com\/ppsjc\/2021\/01\/09\/voluntarios-cluny-do-porto\/\"  class=\"themebutton\">Read More<\/a><\/p>\n","protected":false},"author":1,"featured_media":1308,"comment_status":"closed","ping_status":"closed","sticky":false,"template":"","format":"standard","meta":{"footnotes":""},"categories":[1],"tags":[],"class_list":["post-1306","post","type-post","status-publish","format-standard","has-post-thumbnail","hentry","category-uncategorized"],"_links":{"self":[{"href":"https:\/\/clunyportugal.com\/ppsjc\/wp-json\/wp\/v2\/posts\/1306","targetHints":{"allow":["GET"]}}],"collection":[{"href":"https:\/\/clunyportugal.com\/ppsjc\/wp-json\/wp\/v2\/posts"}],"about":[{"href":"https:\/\/clunyportugal.com\/ppsjc\/wp-json\/wp\/v2\/types\/post"}],"author":[{"embeddable":true,"href":"https:\/\/clunyportugal.com\/ppsjc\/wp-json\/wp\/v2\/users\/1"}],"replies":[{"embeddable":true,"href":"https:\/\/clunyportugal.com\/ppsjc\/wp-json\/wp\/v2\/comments?post=1306"}],"version-history":[{"count":1,"href":"https:\/\/clunyportugal.com\/ppsjc\/wp-json\/wp\/v2\/posts\/1306\/revisions"}],"predecessor-version":[{"id":1309,"href":"https:\/\/clunyportugal.com\/ppsjc\/wp-json\/wp\/v2\/posts\/1306\/revisions\/1309"}],"wp:featuredmedia":[{"embeddable":true,"href":"https:\/\/clunyportugal.com\/ppsjc\/wp-json\/wp\/v2\/media\/1308"}],"wp:attachment":[{"href":"https:\/\/clunyportugal.com\/ppsjc\/wp-json\/wp\/v2\/media?parent=1306"}],"wp:term":[{"taxonomy":"category","embeddable":true,"href":"https:\/\/clunyportugal.com\/ppsjc\/wp-json\/wp\/v2\/categories?post=1306"},{"taxonomy":"post_tag","embeddable":true,"href":"https:\/\/clunyportugal.com\/ppsjc\/wp-json\/wp\/v2\/tags?post=1306"}],"curies":[{"name":"wp","href":"https:\/\/api.w.org\/{rel}","templated":true}]}}